{"id":12510,"date":"2025-02-22T10:44:09","date_gmt":"2025-02-22T09:44:09","guid":{"rendered":"https:\/\/wgphoto.pl\/t\/?p=12510"},"modified":"2025-02-22T10:44:09","modified_gmt":"2025-02-22T09:44:09","slug":"ogryzek-do-dzierzoniowa","status":"publish","type":"post","link":"https:\/\/wgphoto.pl\/t\/?p=12510","title":{"rendered":"Ogryzek do Dzier\u017coniowa"},"content":{"rendered":"\n<figure class=\"wp-block-image aligncenter size-full\"><img loading=\"lazy\" decoding=\"async\" width=\"1024\" height=\"666\" src=\"https:\/\/wgphoto.pl\/t\/wp-content\/uploads\/2025\/02\/0338-34.jpg\" alt=\"\" class=\"wp-image-12511\" srcset=\"https:\/\/wgphoto.pl\/t\/wp-content\/uploads\/2025\/02\/0338-34.jpg 1024w, https:\/\/wgphoto.pl\/t\/wp-content\/uploads\/2025\/02\/0338-34-300x195.jpg 300w, https:\/\/wgphoto.pl\/t\/wp-content\/uploads\/2025\/02\/0338-34-768x500.jpg 768w\" sizes=\"auto, (max-width: 1024px) 100vw, 1024px\" \/><\/figure>\n\n\n\n<div class=\"wp-block-group has-global-padding is-layout-constrained wp-block-group-is-layout-constrained\">\n<p>SU42-530 oczekuje planowego odjazdu z poci\u0105giem osobowym 44029 do Dzier\u017coniowa, stanowi\u0105cym ogryzek dotychczasowego kursu relacji K\u0119dzierzyn-Ko\u017ale &#8211; Dzier\u017coni\u00f3w. Kamieniec Z\u0105bkowicki, 06.12.2003<\/p>\n<\/div>\n","protected":false},"excerpt":{"rendered":"<p>SU42-530 oczekuje planowego odjazdu z poci\u0105giem osobowym 44029 do Dzier\u017coniowa, stanowi\u0105cym ogryzek dotychczasowego kursu relacji K\u0119dzierzyn-Ko\u017ale &#8211; Dzier\u017coni\u00f3w. Kamieniec Z\u0105bkowicki, 06.12.2003<\/p>\n","protected":false},"author":1,"featured_media":12511,"comment_status":"open","ping_status":"","sticky":false,"template":"","format":"standard","meta":{"footnotes":""},"categories":[62,2,149],"tags":[2628,91,2274,24,63,27,250,319],"class_list":["post-12510","post","type-post","status-publish","format-standard","has-post-thumbnail","hentry","category-analog","category-kolej","category-rok-2003","tag-2003-12-06","tag-blue-hour","tag-kamieniec-zabkowicki","tag-perony","tag-pkp","tag-polska","tag-su42","tag-tab-pl235"],"_links":{"self":[{"href":"https:\/\/wgphoto.pl\/t\/index.php?rest_route=\/wp\/v2\/posts\/12510","targetHints":{"allow":["GET"]}}],"collection":[{"href":"https:\/\/wgphoto.pl\/t\/index.php?rest_route=\/wp\/v2\/posts"}],"about":[{"href":"https:\/\/wgphoto.pl\/t\/index.php?rest_route=\/wp\/v2\/types\/post"}],"author":[{"embeddable":true,"href":"https:\/\/wgphoto.pl\/t\/index.php?rest_route=\/wp\/v2\/users\/1"}],"replies":[{"embeddable":true,"href":"https:\/\/wgphoto.pl\/t\/index.php?rest_route=%2Fwp%2Fv2%2Fcomments&post=12510"}],"version-history":[{"count":1,"href":"https:\/\/wgphoto.pl\/t\/index.php?rest_route=\/wp\/v2\/posts\/12510\/revisions"}],"predecessor-version":[{"id":12512,"href":"https:\/\/wgphoto.pl\/t\/index.php?rest_route=\/wp\/v2\/posts\/12510\/revisions\/12512"}],"wp:featuredmedia":[{"embeddable":true,"href":"https:\/\/wgphoto.pl\/t\/index.php?rest_route=\/wp\/v2\/media\/12511"}],"wp:attachment":[{"href":"https:\/\/wgphoto.pl\/t\/index.php?rest_route=%2Fwp%2Fv2%2Fmedia&parent=12510"}],"wp:term":[{"taxonomy":"category","embeddable":true,"href":"https:\/\/wgphoto.pl\/t\/index.php?rest_route=%2Fwp%2Fv2%2Fcategories&post=12510"},{"taxonomy":"post_tag","embeddable":true,"href":"https:\/\/wgphoto.pl\/t\/index.php?rest_route=%2Fwp%2Fv2%2Ftags&post=12510"}],"curies":[{"name":"wp","href":"https:\/\/api.w.org\/{rel}","templated":true}]}}