{"id":12519,"date":"2025-02-22T10:48:03","date_gmt":"2025-02-22T09:48:03","guid":{"rendered":"https:\/\/wgphoto.pl\/t\/?p=12519"},"modified":"2025-02-22T10:48:03","modified_gmt":"2025-02-22T09:48:03","slug":"kruzyn-2","status":"publish","type":"post","link":"https:\/\/wgphoto.pl\/t\/?p=12519","title":{"rendered":"Kru\u017cyn (2)"},"content":{"rendered":"\n<figure class=\"wp-block-image aligncenter size-full\"><img loading=\"lazy\" decoding=\"async\" width=\"1100\" height=\"700\" src=\"https:\/\/wgphoto.pl\/t\/wp-content\/uploads\/2025\/02\/0231-10.jpg\" alt=\"\" class=\"wp-image-12520\" srcset=\"https:\/\/wgphoto.pl\/t\/wp-content\/uploads\/2025\/02\/0231-10.jpg 1100w, https:\/\/wgphoto.pl\/t\/wp-content\/uploads\/2025\/02\/0231-10-300x191.jpg 300w, https:\/\/wgphoto.pl\/t\/wp-content\/uploads\/2025\/02\/0231-10-768x489.jpg 768w\" sizes=\"auto, (max-width: 1100px) 100vw, 1100px\" \/><\/figure>\n\n\n\n<div class=\"wp-block-group has-global-padding is-layout-constrained wp-block-group-is-layout-constrained\">\n<p>Poci\u0105g osobowy 7733 z Lubawki do Wa\u0142brzycha G\u0142. pokonuje dwutorowy szlak Kamienna G\u00f3ra &#8211; S\u0119dzis\u0142aw. Za sk\u0142adem wida\u0107 &#8222;zwieszony&#8221; semafor wjazdowy do zamkni\u0119tego 1,5 roku wcze\u015bniej Podg Kru\u017cyn. 27.12.2002<\/p>\n<\/div>\n","protected":false},"excerpt":{"rendered":"<p>Poci\u0105g osobowy 7733 z Lubawki do Wa\u0142brzycha G\u0142. pokonuje dwutorowy szlak Kamienna G\u00f3ra &#8211; S\u0119dzis\u0142aw. Za sk\u0142adem wida\u0107 &#8222;zwieszony&#8221; semafor wjazdowy do zamkni\u0119tego 1,5 roku wcze\u015bniej Podg Kru\u017cyn. 27.12.2002<\/p>\n","protected":false},"author":1,"featured_media":12520,"comment_status":"open","ping_status":"","sticky":false,"template":"","format":"standard","meta":{"footnotes":""},"categories":[62,2,577],"tags":[2599,629,63,27,1061,44,385,627],"class_list":["post-12519","post","type-post","status-publish","format-standard","has-post-thumbnail","hentry","category-analog","category-kolej","category-rok-2002","tag-2002-12-27","tag-kamienna-gora","tag-pkp","tag-polska","tag-sedzislaw","tag-snieg","tag-sp32","tag-tab-pl247"],"_links":{"self":[{"href":"https:\/\/wgphoto.pl\/t\/index.php?rest_route=\/wp\/v2\/posts\/12519","targetHints":{"allow":["GET"]}}],"collection":[{"href":"https:\/\/wgphoto.pl\/t\/index.php?rest_route=\/wp\/v2\/posts"}],"about":[{"href":"https:\/\/wgphoto.pl\/t\/index.php?rest_route=\/wp\/v2\/types\/post"}],"author":[{"embeddable":true,"href":"https:\/\/wgphoto.pl\/t\/index.php?rest_route=\/wp\/v2\/users\/1"}],"replies":[{"embeddable":true,"href":"https:\/\/wgphoto.pl\/t\/index.php?rest_route=%2Fwp%2Fv2%2Fcomments&post=12519"}],"version-history":[{"count":1,"href":"https:\/\/wgphoto.pl\/t\/index.php?rest_route=\/wp\/v2\/posts\/12519\/revisions"}],"predecessor-version":[{"id":12521,"href":"https:\/\/wgphoto.pl\/t\/index.php?rest_route=\/wp\/v2\/posts\/12519\/revisions\/12521"}],"wp:featuredmedia":[{"embeddable":true,"href":"https:\/\/wgphoto.pl\/t\/index.php?rest_route=\/wp\/v2\/media\/12520"}],"wp:attachment":[{"href":"https:\/\/wgphoto.pl\/t\/index.php?rest_route=%2Fwp%2Fv2%2Fmedia&parent=12519"}],"wp:term":[{"taxonomy":"category","embeddable":true,"href":"https:\/\/wgphoto.pl\/t\/index.php?rest_route=%2Fwp%2Fv2%2Fcategories&post=12519"},{"taxonomy":"post_tag","embeddable":true,"href":"https:\/\/wgphoto.pl\/t\/index.php?rest_route=%2Fwp%2Fv2%2Ftags&post=12519"}],"curies":[{"name":"wp","href":"https:\/\/api.w.org\/{rel}","templated":true}]}}