{"id":12522,"date":"2025-02-22T11:14:08","date_gmt":"2025-02-22T10:14:08","guid":{"rendered":"https:\/\/wgphoto.pl\/t\/?p=12522"},"modified":"2025-02-22T11:14:08","modified_gmt":"2025-02-22T10:14:08","slug":"105na-nr-25612562-klecina","status":"publish","type":"post","link":"https:\/\/wgphoto.pl\/t\/?p=12522","title":{"rendered":"105Na nr 2561+2562, Klecina"},"content":{"rendered":"\n<figure class=\"wp-block-image aligncenter size-full\"><img loading=\"lazy\" decoding=\"async\" width=\"1000\" height=\"667\" src=\"https:\/\/wgphoto.pl\/t\/wp-content\/uploads\/2025\/02\/0905-34.jpg\" alt=\"\" class=\"wp-image-12523\" srcset=\"https:\/\/wgphoto.pl\/t\/wp-content\/uploads\/2025\/02\/0905-34.jpg 1000w, https:\/\/wgphoto.pl\/t\/wp-content\/uploads\/2025\/02\/0905-34-300x200.jpg 300w, https:\/\/wgphoto.pl\/t\/wp-content\/uploads\/2025\/02\/0905-34-768x512.jpg 768w\" sizes=\"auto, (max-width: 1000px) 100vw, 1000px\" \/><\/figure>\n\n\n\n<div class=\"wp-block-group has-global-padding is-layout-constrained wp-block-group-is-layout-constrained\">\n<p>Na pocz\u0105tku by\u0142o uje\u017cd\u017canie stopi\u0105tkami kolejnych linii. Siedemnastka do dzi\u015b znajduje si\u0119 w czo\u0142\u00f3wce mojego rankingu tras, kt\u00f3re nigdy si\u0119 nie nudz\u0105. 05.09.2009<\/p>\n<\/div>\n","protected":false},"excerpt":{"rendered":"<p>Na pocz\u0105tku by\u0142o uje\u017cd\u017canie stopi\u0105tkami kolejnych linii. Siedemnastka do dzi\u015b znajduje si\u0119 w czo\u0142\u00f3wce mojego rankingu tras, kt\u00f3re nigdy si\u0119 nie nudz\u0105. 05.09.2009<\/p>\n","protected":false},"author":1,"featured_media":12523,"comment_status":"open","ping_status":"","sticky":false,"template":"","format":"standard","meta":{"footnotes":""},"categories":[62,169,3],"tags":[155,3227,42,162,154,27,439,41],"class_list":["post-12522","post","type-post","status-publish","format-standard","has-post-thumbnail","hentry","category-analog","category-rok-2009","category-tramwaj","tag-105na","tag-2009-09-05","tag-mpk-wroclaw","tag-niebo","tag-noc","tag-polska","tag-we-fabryce","tag-wroclaw"],"_links":{"self":[{"href":"https:\/\/wgphoto.pl\/t\/index.php?rest_route=\/wp\/v2\/posts\/12522","targetHints":{"allow":["GET"]}}],"collection":[{"href":"https:\/\/wgphoto.pl\/t\/index.php?rest_route=\/wp\/v2\/posts"}],"about":[{"href":"https:\/\/wgphoto.pl\/t\/index.php?rest_route=\/wp\/v2\/types\/post"}],"author":[{"embeddable":true,"href":"https:\/\/wgphoto.pl\/t\/index.php?rest_route=\/wp\/v2\/users\/1"}],"replies":[{"embeddable":true,"href":"https:\/\/wgphoto.pl\/t\/index.php?rest_route=%2Fwp%2Fv2%2Fcomments&post=12522"}],"version-history":[{"count":1,"href":"https:\/\/wgphoto.pl\/t\/index.php?rest_route=\/wp\/v2\/posts\/12522\/revisions"}],"predecessor-version":[{"id":12524,"href":"https:\/\/wgphoto.pl\/t\/index.php?rest_route=\/wp\/v2\/posts\/12522\/revisions\/12524"}],"wp:featuredmedia":[{"embeddable":true,"href":"https:\/\/wgphoto.pl\/t\/index.php?rest_route=\/wp\/v2\/media\/12523"}],"wp:attachment":[{"href":"https:\/\/wgphoto.pl\/t\/index.php?rest_route=%2Fwp%2Fv2%2Fmedia&parent=12522"}],"wp:term":[{"taxonomy":"category","embeddable":true,"href":"https:\/\/wgphoto.pl\/t\/index.php?rest_route=%2Fwp%2Fv2%2Fcategories&post=12522"},{"taxonomy":"post_tag","embeddable":true,"href":"https:\/\/wgphoto.pl\/t\/index.php?rest_route=%2Fwp%2Fv2%2Ftags&post=12522"}],"curies":[{"name":"wp","href":"https:\/\/api.w.org\/{rel}","templated":true}]}}