{"id":12525,"date":"2025-02-22T11:15:13","date_gmt":"2025-02-22T10:15:13","guid":{"rendered":"https:\/\/wgphoto.pl\/t\/?p=12525"},"modified":"2025-02-22T11:15:13","modified_gmt":"2025-02-22T10:15:13","slug":"16t-nr-3017-marino","status":"publish","type":"post","link":"https:\/\/wgphoto.pl\/t\/?p=12525","title":{"rendered":"16T nr 3017, Marino"},"content":{"rendered":"\n<figure class=\"wp-block-image aligncenter size-full\"><img loading=\"lazy\" decoding=\"async\" width=\"1200\" height=\"803\" src=\"https:\/\/wgphoto.pl\/t\/wp-content\/uploads\/2025\/02\/imgp8130.jpg\" alt=\"\" class=\"wp-image-12526\" srcset=\"https:\/\/wgphoto.pl\/t\/wp-content\/uploads\/2025\/02\/imgp8130.jpg 1200w, https:\/\/wgphoto.pl\/t\/wp-content\/uploads\/2025\/02\/imgp8130-300x201.jpg 300w, https:\/\/wgphoto.pl\/t\/wp-content\/uploads\/2025\/02\/imgp8130-768x514.jpg 768w\" sizes=\"auto, (max-width: 1200px) 100vw, 1200px\" \/><\/figure>\n\n\n\n<div class=\"wp-block-group has-global-padding is-layout-constrained wp-block-group-is-layout-constrained\">\n<p>Wy\u015bwietlacze marki Buse by\u0142y dobre, bo czeskie. I dlatego, \u017ce umo\u017cliwia\u0142y wy\u015bwietlenie na przyk\u0142ad takich napis\u00f3w. Wielce \u017ca\u0142uj\u0119, \u017ce nie zd\u0105\u017cy\u0142em pope\u0142ni\u0107 na bramie zdj\u0119cia linii Z jak zjazd do zajezdni. Dzi\u0119ki tej literce (zamiennie stosowa\u0142em X) nikt mi si\u0119 nie dobija\u0142 do wozu na Krzykach. A inni motorowi pytali, jak ja to robi\u0119, \u017ce wy\u015bwietlam litery. Przecie\u017c ka\u017cdy wie, \u017ce Z=926! 26.09.2010<\/p>\n<\/div>\n","protected":false},"excerpt":{"rendered":"<p>Wy\u015bwietlacze marki Buse by\u0142y dobre, bo czeskie. I dlatego, \u017ce umo\u017cliwia\u0142y wy\u015bwietlenie na przyk\u0142ad takich napis\u00f3w. Wielce \u017ca\u0142uj\u0119, \u017ce nie zd\u0105\u017cy\u0142em pope\u0142ni\u0107 na bramie zdj\u0119cia linii Z jak zjazd do zajezdni. Dzi\u0119ki tej literce (zamiennie stosowa\u0142em X) nikt mi si\u0119 nie dobija\u0142 do wozu na Krzykach. A inni motorowi pytali, jak ja to robi\u0119, \u017ce [&hellip;]<\/p>\n","protected":false},"author":1,"featured_media":12526,"comment_status":"open","ping_status":"","sticky":false,"template":"","format":"standard","meta":{"footnotes":""},"categories":[86,3],"tags":[3228,42,154,27,215,216,439,41],"class_list":["post-12525","post","type-post","status-publish","format-standard","has-post-thumbnail","hentry","category-rok-2010","category-tramwaj","tag-2010-09-26","tag-mpk-wroclaw","tag-noc","tag-polska","tag-skoda-16t","tag-skoda-elektra","tag-we-fabryce","tag-wroclaw"],"_links":{"self":[{"href":"https:\/\/wgphoto.pl\/t\/index.php?rest_route=\/wp\/v2\/posts\/12525","targetHints":{"allow":["GET"]}}],"collection":[{"href":"https:\/\/wgphoto.pl\/t\/index.php?rest_route=\/wp\/v2\/posts"}],"about":[{"href":"https:\/\/wgphoto.pl\/t\/index.php?rest_route=\/wp\/v2\/types\/post"}],"author":[{"embeddable":true,"href":"https:\/\/wgphoto.pl\/t\/index.php?rest_route=\/wp\/v2\/users\/1"}],"replies":[{"embeddable":true,"href":"https:\/\/wgphoto.pl\/t\/index.php?rest_route=%2Fwp%2Fv2%2Fcomments&post=12525"}],"version-history":[{"count":1,"href":"https:\/\/wgphoto.pl\/t\/index.php?rest_route=\/wp\/v2\/posts\/12525\/revisions"}],"predecessor-version":[{"id":12527,"href":"https:\/\/wgphoto.pl\/t\/index.php?rest_route=\/wp\/v2\/posts\/12525\/revisions\/12527"}],"wp:featuredmedia":[{"embeddable":true,"href":"https:\/\/wgphoto.pl\/t\/index.php?rest_route=\/wp\/v2\/media\/12526"}],"wp:attachment":[{"href":"https:\/\/wgphoto.pl\/t\/index.php?rest_route=%2Fwp%2Fv2%2Fmedia&parent=12525"}],"wp:term":[{"taxonomy":"category","embeddable":true,"href":"https:\/\/wgphoto.pl\/t\/index.php?rest_route=%2Fwp%2Fv2%2Fcategories&post=12525"},{"taxonomy":"post_tag","embeddable":true,"href":"https:\/\/wgphoto.pl\/t\/index.php?rest_route=%2Fwp%2Fv2%2Ftags&post=12525"}],"curies":[{"name":"wp","href":"https:\/\/api.w.org\/{rel}","templated":true}]}}