{"id":1254,"date":"2024-10-03T16:28:01","date_gmt":"2024-10-03T14:28:01","guid":{"rendered":"https:\/\/wgphoto.pl\/t\/?p=1254"},"modified":"2024-10-03T16:28:01","modified_gmt":"2024-10-03T14:28:01","slug":"szczescie","status":"publish","type":"post","link":"https:\/\/wgphoto.pl\/t\/?p=1254","title":{"rendered":"Szcz\u0119\u015bcie"},"content":{"rendered":"\n<figure class=\"wp-block-image aligncenter size-full\"><img loading=\"lazy\" decoding=\"async\" width=\"1200\" height=\"800\" src=\"https:\/\/wgphoto.pl\/t\/wp-content\/uploads\/2024\/10\/0527-16.jpg\" alt=\"\" class=\"wp-image-1255\" srcset=\"https:\/\/wgphoto.pl\/t\/wp-content\/uploads\/2024\/10\/0527-16.jpg 1200w, https:\/\/wgphoto.pl\/t\/wp-content\/uploads\/2024\/10\/0527-16-300x200.jpg 300w, https:\/\/wgphoto.pl\/t\/wp-content\/uploads\/2024\/10\/0527-16-768x512.jpg 768w\" sizes=\"auto, (max-width: 1200px) 100vw, 1200px\" \/><\/figure>\n\n\n\n<div class=\"wp-block-group has-global-padding is-layout-constrained wp-block-group-is-layout-constrained\">\n<p>Na stacji Krzy\u017c stoj\u0105 kolejno od lewej: SU45-106 z poci\u0105giem osobowym 33430 do Pi\u0142y (zaszynobus), SU45-227 z osobowym 33326 z Kostrzyna i SU45-083 z pospiesznym 85108 &#8222;Barnim&#8221; relacji Szczecin G\u0142. &#8211; Toru\u0144 G\u0142. Tytu\u0142owe szcz\u0119\u015bcie dotyczy oczywi\u015bcie zestawu pojazd\u00f3w trakcyjnych, kt\u00f3ry uda\u0142o mi si\u0119 z\u0142apa\u0107 dzi\u0119ki zaszynobusowi oraz po\u015bpiechowi, kursuj\u0105cemu, zdaje si\u0119, tylko w pi\u0105tki i niedziele. 16.09.2005<\/p>\n<\/div>\n","protected":false},"excerpt":{"rendered":"<p>Na stacji Krzy\u017c stoj\u0105 kolejno od lewej: SU45-106 z poci\u0105giem osobowym 33430 do Pi\u0142y (zaszynobus), SU45-227 z osobowym 33326 z Kostrzyna i SU45-083 z pospiesznym 85108 &#8222;Barnim&#8221; relacji Szczecin G\u0142. &#8211; Toru\u0144 G\u0142. Tytu\u0142owe szcz\u0119\u015bcie dotyczy oczywi\u015bcie zestawu pojazd\u00f3w trakcyjnych, kt\u00f3ry uda\u0142o mi si\u0119 z\u0142apa\u0107 dzi\u0119ki zaszynobusowi oraz po\u015bpiechowi, kursuj\u0105cemu, zdaje si\u0119, tylko w pi\u0105tki [&hellip;]<\/p>\n","protected":false},"author":1,"featured_media":1255,"comment_status":"open","ping_status":"","sticky":false,"template":"","format":"standard","meta":{"footnotes":""},"categories":[62,2,311],"tags":[596,592,595,24,63,27,290,594],"class_list":["post-1254","post","type-post","status-publish","format-standard","has-post-thumbnail","hentry","category-analog","category-kolej","category-rok-2005","tag-2005-09-16","tag-krzyz","tag-ostbahn","tag-perony","tag-pkp","tag-polska","tag-su45","tag-tab-pl345"],"_links":{"self":[{"href":"https:\/\/wgphoto.pl\/t\/index.php?rest_route=\/wp\/v2\/posts\/1254","targetHints":{"allow":["GET"]}}],"collection":[{"href":"https:\/\/wgphoto.pl\/t\/index.php?rest_route=\/wp\/v2\/posts"}],"about":[{"href":"https:\/\/wgphoto.pl\/t\/index.php?rest_route=\/wp\/v2\/types\/post"}],"author":[{"embeddable":true,"href":"https:\/\/wgphoto.pl\/t\/index.php?rest_route=\/wp\/v2\/users\/1"}],"replies":[{"embeddable":true,"href":"https:\/\/wgphoto.pl\/t\/index.php?rest_route=%2Fwp%2Fv2%2Fcomments&post=1254"}],"version-history":[{"count":1,"href":"https:\/\/wgphoto.pl\/t\/index.php?rest_route=\/wp\/v2\/posts\/1254\/revisions"}],"predecessor-version":[{"id":1256,"href":"https:\/\/wgphoto.pl\/t\/index.php?rest_route=\/wp\/v2\/posts\/1254\/revisions\/1256"}],"wp:featuredmedia":[{"embeddable":true,"href":"https:\/\/wgphoto.pl\/t\/index.php?rest_route=\/wp\/v2\/media\/1255"}],"wp:attachment":[{"href":"https:\/\/wgphoto.pl\/t\/index.php?rest_route=%2Fwp%2Fv2%2Fmedia&parent=1254"}],"wp:term":[{"taxonomy":"category","embeddable":true,"href":"https:\/\/wgphoto.pl\/t\/index.php?rest_route=%2Fwp%2Fv2%2Fcategories&post=1254"},{"taxonomy":"post_tag","embeddable":true,"href":"https:\/\/wgphoto.pl\/t\/index.php?rest_route=%2Fwp%2Fv2%2Ftags&post=1254"}],"curies":[{"name":"wp","href":"https:\/\/api.w.org\/{rel}","templated":true}]}}