{"id":12575,"date":"2025-02-22T12:14:31","date_gmt":"2025-02-22T11:14:31","guid":{"rendered":"https:\/\/wgphoto.pl\/t\/?p=12575"},"modified":"2025-02-22T12:14:31","modified_gmt":"2025-02-22T11:14:31","slug":"dolna-lipka-sloneczna","status":"publish","type":"post","link":"https:\/\/wgphoto.pl\/t\/?p=12575","title":{"rendered":"Dolna Lipka s\u0142oneczna"},"content":{"rendered":"\n<figure class=\"wp-block-image aligncenter size-full\"><img loading=\"lazy\" decoding=\"async\" width=\"1000\" height=\"665\" src=\"https:\/\/wgphoto.pl\/t\/wp-content\/uploads\/2025\/02\/imgp4436.jpg\" alt=\"\" class=\"wp-image-12576\" srcset=\"https:\/\/wgphoto.pl\/t\/wp-content\/uploads\/2025\/02\/imgp4436.jpg 1000w, https:\/\/wgphoto.pl\/t\/wp-content\/uploads\/2025\/02\/imgp4436-300x200.jpg 300w, https:\/\/wgphoto.pl\/t\/wp-content\/uploads\/2025\/02\/imgp4436-768x511.jpg 768w\" sizes=\"auto, (max-width: 1000px) 100vw, 1000px\" \/><\/figure>\n\n\n\n<div class=\"wp-block-group has-global-padding is-layout-constrained wp-block-group-is-layout-constrained\">\n<p>810 049-7 jako poc. 20051 rel. Letohrad &#8211; Moravsk\u00fd Karlov odje\u017cd\u017ca z Doln\u00ed Lipky, otrzymawszy sygna\u0142 na nowoczesnym semaforze \u015bwietlnym. Tym samym z mapy Czech znikn\u0119\u0142a kolejna stacja z semaforami kszta\u0142towymi. 03.10.2011<\/p>\n<\/div>\n","protected":false},"excerpt":{"rendered":"<p>810 049-7 jako poc. 20051 rel. Letohrad &#8211; Moravsk\u00fd Karlov odje\u017cd\u017ca z Doln\u00ed Lipky, otrzymawszy sygna\u0142 na nowoczesnym semaforze \u015bwietlnym. Tym samym z mapy Czech znikn\u0119\u0142a kolejna stacja z semaforami kszta\u0142towymi. 03.10.2011<\/p>\n","protected":false},"author":1,"featured_media":12576,"comment_status":"open","ping_status":"","sticky":false,"template":"","format":"standard","meta":{"footnotes":""},"categories":[2,77],"tags":[2611,92,50,49,3235,173,196,584],"class_list":["post-12575","post","type-post","status-publish","format-standard","has-post-thumbnail","hentry","category-kolej","category-rok-2011","tag-2011-10-03","tag-92","tag-cd","tag-czechy","tag-dolni-lipka","tag-koncowki","tag-linie-raczej-lokalne","tag-tab-cz024"],"_links":{"self":[{"href":"https:\/\/wgphoto.pl\/t\/index.php?rest_route=\/wp\/v2\/posts\/12575","targetHints":{"allow":["GET"]}}],"collection":[{"href":"https:\/\/wgphoto.pl\/t\/index.php?rest_route=\/wp\/v2\/posts"}],"about":[{"href":"https:\/\/wgphoto.pl\/t\/index.php?rest_route=\/wp\/v2\/types\/post"}],"author":[{"embeddable":true,"href":"https:\/\/wgphoto.pl\/t\/index.php?rest_route=\/wp\/v2\/users\/1"}],"replies":[{"embeddable":true,"href":"https:\/\/wgphoto.pl\/t\/index.php?rest_route=%2Fwp%2Fv2%2Fcomments&post=12575"}],"version-history":[{"count":1,"href":"https:\/\/wgphoto.pl\/t\/index.php?rest_route=\/wp\/v2\/posts\/12575\/revisions"}],"predecessor-version":[{"id":12577,"href":"https:\/\/wgphoto.pl\/t\/index.php?rest_route=\/wp\/v2\/posts\/12575\/revisions\/12577"}],"wp:featuredmedia":[{"embeddable":true,"href":"https:\/\/wgphoto.pl\/t\/index.php?rest_route=\/wp\/v2\/media\/12576"}],"wp:attachment":[{"href":"https:\/\/wgphoto.pl\/t\/index.php?rest_route=%2Fwp%2Fv2%2Fmedia&parent=12575"}],"wp:term":[{"taxonomy":"category","embeddable":true,"href":"https:\/\/wgphoto.pl\/t\/index.php?rest_route=%2Fwp%2Fv2%2Fcategories&post=12575"},{"taxonomy":"post_tag","embeddable":true,"href":"https:\/\/wgphoto.pl\/t\/index.php?rest_route=%2Fwp%2Fv2%2Ftags&post=12575"}],"curies":[{"name":"wp","href":"https:\/\/api.w.org\/{rel}","templated":true}]}}