{"id":12578,"date":"2025-02-22T12:15:23","date_gmt":"2025-02-22T11:15:23","guid":{"rendered":"https:\/\/wgphoto.pl\/t\/?p=12578"},"modified":"2025-02-22T12:15:23","modified_gmt":"2025-02-22T11:15:23","slug":"dolna-lipka-zamglona","status":"publish","type":"post","link":"https:\/\/wgphoto.pl\/t\/?p=12578","title":{"rendered":"Dolna Lipka zamglona"},"content":{"rendered":"\n<figure class=\"wp-block-image aligncenter size-full\"><img loading=\"lazy\" decoding=\"async\" width=\"1200\" height=\"803\" src=\"https:\/\/wgphoto.pl\/t\/wp-content\/uploads\/2025\/02\/imgp8178.jpg\" alt=\"\" class=\"wp-image-12579\" srcset=\"https:\/\/wgphoto.pl\/t\/wp-content\/uploads\/2025\/02\/imgp8178.jpg 1200w, https:\/\/wgphoto.pl\/t\/wp-content\/uploads\/2025\/02\/imgp8178-300x201.jpg 300w, https:\/\/wgphoto.pl\/t\/wp-content\/uploads\/2025\/02\/imgp8178-768x514.jpg 768w\" sizes=\"auto, (max-width: 1200px) 100vw, 1200px\" \/><\/figure>\n\n\n\n<div class=\"wp-block-group has-global-padding is-layout-constrained wp-block-group-is-layout-constrained\">\n<p>810 157-8 jako poc. 20072 z Hanu\u0161ovic do Lichkova wje\u017cd\u017ca na zamglon\u0105, w\u0119z\u0142ow\u0105 stacj\u0119 w Doln\u00ed Lipce. Gdyby poci\u0105g przyjecha\u0142 od strony \u0160t\u00edt\u016f, widoczny w tle semafor wjazdowy najpewniej by\u0142by &#8222;podany&#8221;. 11.10.2010<\/p>\n<\/div>\n","protected":false},"excerpt":{"rendered":"<p>810 157-8 jako poc. 20072 z Hanu\u0161ovic do Lichkova wje\u017cd\u017ca na zamglon\u0105, w\u0119z\u0142ow\u0105 stacj\u0119 w Doln\u00ed Lipce. Gdyby poci\u0105g przyjecha\u0142 od strony \u0160t\u00edt\u016f, widoczny w tle semafor wjazdowy najpewniej by\u0142by &#8222;podany&#8221;. 11.10.2010<\/p>\n","protected":false},"author":1,"featured_media":12579,"comment_status":"open","ping_status":"","sticky":false,"template":"","format":"standard","meta":{"footnotes":""},"categories":[2,86],"tags":[1715,92,50,49,3235,196,821,176,53,584],"class_list":["post-12578","post","type-post","status-publish","format-standard","has-post-thumbnail","hentry","category-kolej","category-rok-2010","tag-2010-10-11","tag-92","tag-cd","tag-czechy","tag-dolni-lipka","tag-linie-raczej-lokalne","tag-mgla","tag-rano","tag-sygnalizacja-ksztaltowa","tag-tab-cz024"],"_links":{"self":[{"href":"https:\/\/wgphoto.pl\/t\/index.php?rest_route=\/wp\/v2\/posts\/12578","targetHints":{"allow":["GET"]}}],"collection":[{"href":"https:\/\/wgphoto.pl\/t\/index.php?rest_route=\/wp\/v2\/posts"}],"about":[{"href":"https:\/\/wgphoto.pl\/t\/index.php?rest_route=\/wp\/v2\/types\/post"}],"author":[{"embeddable":true,"href":"https:\/\/wgphoto.pl\/t\/index.php?rest_route=\/wp\/v2\/users\/1"}],"replies":[{"embeddable":true,"href":"https:\/\/wgphoto.pl\/t\/index.php?rest_route=%2Fwp%2Fv2%2Fcomments&post=12578"}],"version-history":[{"count":1,"href":"https:\/\/wgphoto.pl\/t\/index.php?rest_route=\/wp\/v2\/posts\/12578\/revisions"}],"predecessor-version":[{"id":12580,"href":"https:\/\/wgphoto.pl\/t\/index.php?rest_route=\/wp\/v2\/posts\/12578\/revisions\/12580"}],"wp:featuredmedia":[{"embeddable":true,"href":"https:\/\/wgphoto.pl\/t\/index.php?rest_route=\/wp\/v2\/media\/12579"}],"wp:attachment":[{"href":"https:\/\/wgphoto.pl\/t\/index.php?rest_route=%2Fwp%2Fv2%2Fmedia&parent=12578"}],"wp:term":[{"taxonomy":"category","embeddable":true,"href":"https:\/\/wgphoto.pl\/t\/index.php?rest_route=%2Fwp%2Fv2%2Fcategories&post=12578"},{"taxonomy":"post_tag","embeddable":true,"href":"https:\/\/wgphoto.pl\/t\/index.php?rest_route=%2Fwp%2Fv2%2Ftags&post=12578"}],"curies":[{"name":"wp","href":"https:\/\/api.w.org\/{rel}","templated":true}]}}