{"id":12581,"date":"2025-02-22T12:16:34","date_gmt":"2025-02-22T11:16:34","guid":{"rendered":"https:\/\/wgphoto.pl\/t\/?p=12581"},"modified":"2025-02-22T12:16:34","modified_gmt":"2025-02-22T11:16:34","slug":"lichkov-wczoraj","status":"publish","type":"post","link":"https:\/\/wgphoto.pl\/t\/?p=12581","title":{"rendered":"Lichkov wczoraj"},"content":{"rendered":"\n<figure class=\"wp-block-image aligncenter size-full\"><img loading=\"lazy\" decoding=\"async\" width=\"1025\" height=\"685\" src=\"https:\/\/wgphoto.pl\/t\/wp-content\/uploads\/2025\/02\/0721-08.jpg\" alt=\"\" class=\"wp-image-12582\" srcset=\"https:\/\/wgphoto.pl\/t\/wp-content\/uploads\/2025\/02\/0721-08.jpg 1025w, https:\/\/wgphoto.pl\/t\/wp-content\/uploads\/2025\/02\/0721-08-300x200.jpg 300w, https:\/\/wgphoto.pl\/t\/wp-content\/uploads\/2025\/02\/0721-08-768x513.jpg 768w\" sizes=\"auto, (max-width: 1025px) 100vw, 1025px\" \/><\/figure>\n\n\n\n<div class=\"wp-block-group has-global-padding is-layout-constrained wp-block-group-is-layout-constrained\">\n<p>810 228-7 z doczep\u0105 jako poc. 20011 rel. Letohrad &#8211; \u0160t\u00edty i 854 022-1 z przyspieszonym 1908 &#8222;Sn\u011b\u017en\u00edk&#8221; rel. Hanu\u0161ovice &#8211; Pardubice hl.n. Niez\u0142\u0105 egzotyk\u0105 jest dla mnie seria 854 w Lichkov\u011b. 12.08.2007<\/p>\n<\/div>\n","protected":false},"excerpt":{"rendered":"<p>810 228-7 z doczep\u0105 jako poc. 20011 rel. Letohrad &#8211; \u0160t\u00edty i 854 022-1 z przyspieszonym 1908 &#8222;Sn\u011b\u017en\u00edk&#8221; rel. Hanu\u0161ovice &#8211; Pardubice hl.n. Niez\u0142\u0105 egzotyk\u0105 jest dla mnie seria 854 w Lichkov\u011b. 12.08.2007<\/p>\n","protected":false},"author":1,"featured_media":12582,"comment_status":"open","ping_status":"","sticky":false,"template":"","format":"standard","meta":{"footnotes":""},"categories":[62,2,96],"tags":[3236,92,552,50,49,313,2051,1767,584],"class_list":["post-12581","post","type-post","status-publish","format-standard","has-post-thumbnail","hentry","category-analog","category-kolej","category-rok-2007","tag-2007-08-12","tag-92","tag-552","tag-cd","tag-czechy","tag-dyzurny","tag-lichkov","tag-porownania","tag-tab-cz024"],"_links":{"self":[{"href":"https:\/\/wgphoto.pl\/t\/index.php?rest_route=\/wp\/v2\/posts\/12581","targetHints":{"allow":["GET"]}}],"collection":[{"href":"https:\/\/wgphoto.pl\/t\/index.php?rest_route=\/wp\/v2\/posts"}],"about":[{"href":"https:\/\/wgphoto.pl\/t\/index.php?rest_route=\/wp\/v2\/types\/post"}],"author":[{"embeddable":true,"href":"https:\/\/wgphoto.pl\/t\/index.php?rest_route=\/wp\/v2\/users\/1"}],"replies":[{"embeddable":true,"href":"https:\/\/wgphoto.pl\/t\/index.php?rest_route=%2Fwp%2Fv2%2Fcomments&post=12581"}],"version-history":[{"count":1,"href":"https:\/\/wgphoto.pl\/t\/index.php?rest_route=\/wp\/v2\/posts\/12581\/revisions"}],"predecessor-version":[{"id":12583,"href":"https:\/\/wgphoto.pl\/t\/index.php?rest_route=\/wp\/v2\/posts\/12581\/revisions\/12583"}],"wp:featuredmedia":[{"embeddable":true,"href":"https:\/\/wgphoto.pl\/t\/index.php?rest_route=\/wp\/v2\/media\/12582"}],"wp:attachment":[{"href":"https:\/\/wgphoto.pl\/t\/index.php?rest_route=%2Fwp%2Fv2%2Fmedia&parent=12581"}],"wp:term":[{"taxonomy":"category","embeddable":true,"href":"https:\/\/wgphoto.pl\/t\/index.php?rest_route=%2Fwp%2Fv2%2Fcategories&post=12581"},{"taxonomy":"post_tag","embeddable":true,"href":"https:\/\/wgphoto.pl\/t\/index.php?rest_route=%2Fwp%2Fv2%2Ftags&post=12581"}],"curies":[{"name":"wp","href":"https:\/\/api.w.org\/{rel}","templated":true}]}}