{"id":12584,"date":"2025-02-22T12:17:28","date_gmt":"2025-02-22T11:17:28","guid":{"rendered":"https:\/\/wgphoto.pl\/t\/?p=12584"},"modified":"2025-02-22T12:17:28","modified_gmt":"2025-02-22T11:17:28","slug":"lichkov-dzis","status":"publish","type":"post","link":"https:\/\/wgphoto.pl\/t\/?p=12584","title":{"rendered":"Lichkov dzi\u015b"},"content":{"rendered":"\n<figure class=\"wp-block-image aligncenter size-full\"><img loading=\"lazy\" decoding=\"async\" width=\"1024\" height=\"682\" src=\"https:\/\/wgphoto.pl\/t\/wp-content\/uploads\/2025\/02\/imgp5261.jpg\" alt=\"\" class=\"wp-image-12585\" srcset=\"https:\/\/wgphoto.pl\/t\/wp-content\/uploads\/2025\/02\/imgp5261.jpg 1024w, https:\/\/wgphoto.pl\/t\/wp-content\/uploads\/2025\/02\/imgp5261-300x200.jpg 300w, https:\/\/wgphoto.pl\/t\/wp-content\/uploads\/2025\/02\/imgp5261-768x512.jpg 768w\" sizes=\"auto, (max-width: 1024px) 100vw, 1024px\" \/><\/figure>\n\n\n\n<div class=\"wp-block-group has-global-padding is-layout-constrained wp-block-group-is-layout-constrained\">\n<p>A tak naprawd\u0119 to te\u017c wczoraj, bo nie ma ju\u017c ani EU07, ani poci\u0105g\u00f3w do \u0160t\u00edt\u016f, ani do Hanu\u0161ovic. 810 157-8 pojedzie jako Os 20047 do \u0160t\u00edt\u016f (a tak naprawd\u0119 tylko do Doln\u00ed Lipky i dalej jako wagon bezpo\u015bredni do Hanu\u0161ovic; drugi motorak do \u0160t\u00edt\u016f nie jecha\u0142 z powodu v\u00fdluky), a EU07-539 z rychlikiem 250 do Prahy Sm\u00edchov. 07.04.2009<\/p>\n<\/div>\n","protected":false},"excerpt":{"rendered":"<p>A tak naprawd\u0119 to te\u017c wczoraj, bo nie ma ju\u017c ani EU07, ani poci\u0105g\u00f3w do \u0160t\u00edt\u016f, ani do Hanu\u0161ovic. 810 157-8 pojedzie jako Os 20047 do \u0160t\u00edt\u016f (a tak naprawd\u0119 tylko do Doln\u00ed Lipky i dalej jako wagon bezpo\u015bredni do Hanu\u0161ovic; drugi motorak do \u0160t\u00edt\u016f nie jecha\u0142 z powodu v\u00fdluky), a EU07-539 z rychlikiem 250 [&hellip;]<\/p>\n","protected":false},"author":1,"featured_media":12585,"comment_status":"open","ping_status":"","sticky":false,"template":"","format":"standard","meta":{"footnotes":""},"categories":[2,169],"tags":[3237,92,50,49,122,249,2051,63,1767,584],"class_list":["post-12584","post","type-post","status-publish","format-standard","has-post-thumbnail","hentry","category-kolej","category-rok-2009","tag-2009-04-07","tag-92","tag-cd","tag-czechy","tag-eu07","tag-goscinne-wystepy","tag-lichkov","tag-pkp","tag-porownania","tag-tab-cz024"],"_links":{"self":[{"href":"https:\/\/wgphoto.pl\/t\/index.php?rest_route=\/wp\/v2\/posts\/12584","targetHints":{"allow":["GET"]}}],"collection":[{"href":"https:\/\/wgphoto.pl\/t\/index.php?rest_route=\/wp\/v2\/posts"}],"about":[{"href":"https:\/\/wgphoto.pl\/t\/index.php?rest_route=\/wp\/v2\/types\/post"}],"author":[{"embeddable":true,"href":"https:\/\/wgphoto.pl\/t\/index.php?rest_route=\/wp\/v2\/users\/1"}],"replies":[{"embeddable":true,"href":"https:\/\/wgphoto.pl\/t\/index.php?rest_route=%2Fwp%2Fv2%2Fcomments&post=12584"}],"version-history":[{"count":1,"href":"https:\/\/wgphoto.pl\/t\/index.php?rest_route=\/wp\/v2\/posts\/12584\/revisions"}],"predecessor-version":[{"id":12586,"href":"https:\/\/wgphoto.pl\/t\/index.php?rest_route=\/wp\/v2\/posts\/12584\/revisions\/12586"}],"wp:featuredmedia":[{"embeddable":true,"href":"https:\/\/wgphoto.pl\/t\/index.php?rest_route=\/wp\/v2\/media\/12585"}],"wp:attachment":[{"href":"https:\/\/wgphoto.pl\/t\/index.php?rest_route=%2Fwp%2Fv2%2Fmedia&parent=12584"}],"wp:term":[{"taxonomy":"category","embeddable":true,"href":"https:\/\/wgphoto.pl\/t\/index.php?rest_route=%2Fwp%2Fv2%2Fcategories&post=12584"},{"taxonomy":"post_tag","embeddable":true,"href":"https:\/\/wgphoto.pl\/t\/index.php?rest_route=%2Fwp%2Fv2%2Ftags&post=12584"}],"curies":[{"name":"wp","href":"https:\/\/api.w.org\/{rel}","templated":true}]}}