{"id":12587,"date":"2025-02-22T12:18:28","date_gmt":"2025-02-22T11:18:28","guid":{"rendered":"https:\/\/wgphoto.pl\/t\/?p=12587"},"modified":"2025-02-22T12:18:28","modified_gmt":"2025-02-22T11:18:28","slug":"zielony-bagazowy","status":"publish","type":"post","link":"https:\/\/wgphoto.pl\/t\/?p=12587","title":{"rendered":"Zielony baga\u017cowy"},"content":{"rendered":"\n<figure class=\"wp-block-image aligncenter size-full\"><img loading=\"lazy\" decoding=\"async\" width=\"1024\" height=\"684\" src=\"https:\/\/wgphoto.pl\/t\/wp-content\/uploads\/2025\/02\/imgp6439.jpg\" alt=\"\" class=\"wp-image-12588\" srcset=\"https:\/\/wgphoto.pl\/t\/wp-content\/uploads\/2025\/02\/imgp6439.jpg 1024w, https:\/\/wgphoto.pl\/t\/wp-content\/uploads\/2025\/02\/imgp6439-300x200.jpg 300w, https:\/\/wgphoto.pl\/t\/wp-content\/uploads\/2025\/02\/imgp6439-768x513.jpg 768w\" sizes=\"auto, (max-width: 1024px) 100vw, 1024px\" \/><\/figure>\n\n\n\n<div class=\"wp-block-group has-global-padding is-layout-constrained wp-block-group-is-layout-constrained\">\n<p>Szlak Do\u0148ov &#8211; Karda\u0161ova \u0158e\u010dice. 242 245-9 prowadzi poci\u0105g pospieszny 661 &#8222;Ro\u017emberk&#8221; rel. Plze\u0148 hl.n. &#8211; Brno hl.n., w kt\u00f3rego sk\u0142adzie znalaz\u0142 si\u0119 wagon baga\u017cowy w starym malowaniu. Nie mam poj\u0119cia, sk\u0105d taki relikt si\u0119 tam wzi\u0105\u0142, mog\u0119 za to doda\u0107, \u017ce wagony w ca\u0142o\u015bci baga\u017cowe s\u0105 w Czechach raczej rzadkim widokiem (w przeciwie\u0144stwie do baga\u017cowych tylko w po\u0142owie), a do poci\u0105g\u00f3w na trasie Brno &#8211; Pilzno s\u0105 w\u0142\u0105czane codziennie w okresie od po\u0142owy czerwca do po\u0142owy wrze\u015bnia. 25.08.2010<\/p>\n<\/div>\n","protected":false},"excerpt":{"rendered":"<p>Szlak Do\u0148ov &#8211; Karda\u0161ova \u0158e\u010dice. 242 245-9 prowadzi poci\u0105g pospieszny 661 &#8222;Ro\u017emberk&#8221; rel. Plze\u0148 hl.n. &#8211; Brno hl.n., w kt\u00f3rego sk\u0142adzie znalaz\u0142 si\u0119 wagon baga\u017cowy w starym malowaniu. Nie mam poj\u0119cia, sk\u0105d taki relikt si\u0119 tam wzi\u0105\u0142, mog\u0119 za to doda\u0107, \u017ce wagony w ca\u0142o\u015bci baga\u017cowe s\u0105 w Czechach raczej rzadkim widokiem (w przeciwie\u0144stwie do [&hellip;]<\/p>\n","protected":false},"author":1,"featured_media":12588,"comment_status":"open","ping_status":"","sticky":false,"template":"","format":"standard","meta":{"footnotes":""},"categories":[2,86],"tags":[308,305,50,49,3238,2767,1829],"class_list":["post-12587","post","type-post","status-publish","format-standard","has-post-thumbnail","hentry","category-kolej","category-rok-2010","tag-2010-08-25","tag-305","tag-cd","tag-czechy","tag-donov","tag-kardasova-recice","tag-tab-cz225"],"_links":{"self":[{"href":"https:\/\/wgphoto.pl\/t\/index.php?rest_route=\/wp\/v2\/posts\/12587","targetHints":{"allow":["GET"]}}],"collection":[{"href":"https:\/\/wgphoto.pl\/t\/index.php?rest_route=\/wp\/v2\/posts"}],"about":[{"href":"https:\/\/wgphoto.pl\/t\/index.php?rest_route=\/wp\/v2\/types\/post"}],"author":[{"embeddable":true,"href":"https:\/\/wgphoto.pl\/t\/index.php?rest_route=\/wp\/v2\/users\/1"}],"replies":[{"embeddable":true,"href":"https:\/\/wgphoto.pl\/t\/index.php?rest_route=%2Fwp%2Fv2%2Fcomments&post=12587"}],"version-history":[{"count":1,"href":"https:\/\/wgphoto.pl\/t\/index.php?rest_route=\/wp\/v2\/posts\/12587\/revisions"}],"predecessor-version":[{"id":12589,"href":"https:\/\/wgphoto.pl\/t\/index.php?rest_route=\/wp\/v2\/posts\/12587\/revisions\/12589"}],"wp:featuredmedia":[{"embeddable":true,"href":"https:\/\/wgphoto.pl\/t\/index.php?rest_route=\/wp\/v2\/media\/12588"}],"wp:attachment":[{"href":"https:\/\/wgphoto.pl\/t\/index.php?rest_route=%2Fwp%2Fv2%2Fmedia&parent=12587"}],"wp:term":[{"taxonomy":"category","embeddable":true,"href":"https:\/\/wgphoto.pl\/t\/index.php?rest_route=%2Fwp%2Fv2%2Fcategories&post=12587"},{"taxonomy":"post_tag","embeddable":true,"href":"https:\/\/wgphoto.pl\/t\/index.php?rest_route=%2Fwp%2Fv2%2Ftags&post=12587"}],"curies":[{"name":"wp","href":"https:\/\/api.w.org\/{rel}","templated":true}]}}