{"id":12590,"date":"2025-02-22T12:19:16","date_gmt":"2025-02-22T11:19:16","guid":{"rendered":"https:\/\/wgphoto.pl\/t\/?p=12590"},"modified":"2025-02-22T12:19:16","modified_gmt":"2025-02-22T11:19:16","slug":"kardaszowa-rzeczyca","status":"publish","type":"post","link":"https:\/\/wgphoto.pl\/t\/?p=12590","title":{"rendered":"Kardaszowa Rzeczyca"},"content":{"rendered":"\n<figure class=\"wp-block-image aligncenter size-full\"><img loading=\"lazy\" decoding=\"async\" width=\"1024\" height=\"681\" src=\"https:\/\/wgphoto.pl\/t\/wp-content\/uploads\/2025\/02\/imgp6446a.jpg\" alt=\"\" class=\"wp-image-12591\" srcset=\"https:\/\/wgphoto.pl\/t\/wp-content\/uploads\/2025\/02\/imgp6446a.jpg 1024w, https:\/\/wgphoto.pl\/t\/wp-content\/uploads\/2025\/02\/imgp6446a-300x200.jpg 300w, https:\/\/wgphoto.pl\/t\/wp-content\/uploads\/2025\/02\/imgp6446a-768x511.jpg 768w\" sizes=\"auto, (max-width: 1024px) 100vw, 1024px\" \/><\/figure>\n\n\n\n<div class=\"wp-block-group has-global-padding is-layout-constrained wp-block-group-is-layout-constrained\">\n<p>Rychlik 666 &#8222;Petr Vok&#8221; rel. Brno hl.n. &#8211; Plze\u0148 hl.n., prowadzony 242 281-4 wyr\u00f3\u017cniaj\u0105c\u0105 si\u0119 z t\u0142umu po\u0142\u00f3wkowymi pantografami, opu\u015bci\u0142 widoczna w tle Karda\u0161ov\u0105 \u0158e\u010dic\u0119 i pokonuje kolejne \u0142uki na szlaku do Do\u0148ova. 25.08.2010<\/p>\n<\/div>\n","protected":false},"excerpt":{"rendered":"<p>Rychlik 666 &#8222;Petr Vok&#8221; rel. Brno hl.n. &#8211; Plze\u0148 hl.n., prowadzony 242 281-4 wyr\u00f3\u017cniaj\u0105c\u0105 si\u0119 z t\u0142umu po\u0142\u00f3wkowymi pantografami, opu\u015bci\u0142 widoczna w tle Karda\u0161ov\u0105 \u0158e\u010dic\u0119 i pokonuje kolejne \u0142uki na szlaku do Do\u0148ova. 25.08.2010<\/p>\n","protected":false},"author":1,"featured_media":12591,"comment_status":"open","ping_status":"","sticky":false,"template":"","format":"standard","meta":{"footnotes":""},"categories":[2,86],"tags":[308,305,50,49,3238,2767,1829],"class_list":["post-12590","post","type-post","status-publish","format-standard","has-post-thumbnail","hentry","category-kolej","category-rok-2010","tag-2010-08-25","tag-305","tag-cd","tag-czechy","tag-donov","tag-kardasova-recice","tag-tab-cz225"],"_links":{"self":[{"href":"https:\/\/wgphoto.pl\/t\/index.php?rest_route=\/wp\/v2\/posts\/12590","targetHints":{"allow":["GET"]}}],"collection":[{"href":"https:\/\/wgphoto.pl\/t\/index.php?rest_route=\/wp\/v2\/posts"}],"about":[{"href":"https:\/\/wgphoto.pl\/t\/index.php?rest_route=\/wp\/v2\/types\/post"}],"author":[{"embeddable":true,"href":"https:\/\/wgphoto.pl\/t\/index.php?rest_route=\/wp\/v2\/users\/1"}],"replies":[{"embeddable":true,"href":"https:\/\/wgphoto.pl\/t\/index.php?rest_route=%2Fwp%2Fv2%2Fcomments&post=12590"}],"version-history":[{"count":1,"href":"https:\/\/wgphoto.pl\/t\/index.php?rest_route=\/wp\/v2\/posts\/12590\/revisions"}],"predecessor-version":[{"id":12592,"href":"https:\/\/wgphoto.pl\/t\/index.php?rest_route=\/wp\/v2\/posts\/12590\/revisions\/12592"}],"wp:featuredmedia":[{"embeddable":true,"href":"https:\/\/wgphoto.pl\/t\/index.php?rest_route=\/wp\/v2\/media\/12591"}],"wp:attachment":[{"href":"https:\/\/wgphoto.pl\/t\/index.php?rest_route=%2Fwp%2Fv2%2Fmedia&parent=12590"}],"wp:term":[{"taxonomy":"category","embeddable":true,"href":"https:\/\/wgphoto.pl\/t\/index.php?rest_route=%2Fwp%2Fv2%2Fcategories&post=12590"},{"taxonomy":"post_tag","embeddable":true,"href":"https:\/\/wgphoto.pl\/t\/index.php?rest_route=%2Fwp%2Fv2%2Ftags&post=12590"}],"curies":[{"name":"wp","href":"https:\/\/api.w.org\/{rel}","templated":true}]}}