{"id":12593,"date":"2025-02-22T12:20:05","date_gmt":"2025-02-22T11:20:05","guid":{"rendered":"https:\/\/wgphoto.pl\/t\/?p=12593"},"modified":"2025-02-22T12:20:05","modified_gmt":"2025-02-22T11:20:05","slug":"tyn-we-mgle","status":"publish","type":"post","link":"https:\/\/wgphoto.pl\/t\/?p=12593","title":{"rendered":"T\u00fdn we mgle"},"content":{"rendered":"\n<figure class=\"wp-block-image aligncenter size-full\"><img loading=\"lazy\" decoding=\"async\" width=\"1000\" height=\"667\" src=\"https:\/\/wgphoto.pl\/t\/wp-content\/uploads\/2025\/02\/imgp4015.jpg\" alt=\"\" class=\"wp-image-12594\" srcset=\"https:\/\/wgphoto.pl\/t\/wp-content\/uploads\/2025\/02\/imgp4015.jpg 1000w, https:\/\/wgphoto.pl\/t\/wp-content\/uploads\/2025\/02\/imgp4015-300x200.jpg 300w, https:\/\/wgphoto.pl\/t\/wp-content\/uploads\/2025\/02\/imgp4015-768x512.jpg 768w\" sizes=\"auto, (max-width: 1000px) 100vw, 1000px\" \/><\/figure>\n\n\n\n<div class=\"wp-block-group has-global-padding is-layout-constrained wp-block-group-is-layout-constrained\">\n<p>742 265-2 ze zdawczym, najprawdopodobniej do \u010c\u00ed\u010denic, odje\u017cd\u017ca z T\u00fdnu nad Vltavou. Ten poci\u0105g by\u0142 bardzo mi\u0142\u0105 niespodziank\u0105, poniewa\u017c id\u0105c na stacj\u0119 spodziewa\u0142em si\u0119 zasta\u0107 samotnego motoraka, a spotka\u0142em tak\u017ce mrucz\u0105cego kocoura. \ud83d\ude09 26.09.2011<\/p>\n<\/div>\n","protected":false},"excerpt":{"rendered":"<p>742 265-2 ze zdawczym, najprawdopodobniej do \u010c\u00ed\u010denic, odje\u017cd\u017ca z T\u00fdnu nad Vltavou. Ten poci\u0105g by\u0142 bardzo mi\u0142\u0105 niespodziank\u0105, poniewa\u017c id\u0105c na stacj\u0119 spodziewa\u0142em si\u0119 zasta\u0107 samotnego motoraka, a spotka\u0142em tak\u017ce mrucz\u0105cego kocoura. \ud83d\ude09 26.09.2011<\/p>\n","protected":false},"author":1,"featured_media":12594,"comment_status":"open","ping_status":"","sticky":false,"template":"","format":"standard","meta":{"footnotes":""},"categories":[2,77],"tags":[1471,496,50,49,821,94,176,3240,3239],"class_list":["post-12593","post","type-post","status-publish","format-standard","has-post-thumbnail","hentry","category-kolej","category-rok-2011","tag-2011-09-26","tag-496","tag-cd","tag-czechy","tag-mgla","tag-na-kolejowym-koncu-swiata","tag-rano","tag-tab-cz192","tag-tyn-nad-vltavou"],"_links":{"self":[{"href":"https:\/\/wgphoto.pl\/t\/index.php?rest_route=\/wp\/v2\/posts\/12593","targetHints":{"allow":["GET"]}}],"collection":[{"href":"https:\/\/wgphoto.pl\/t\/index.php?rest_route=\/wp\/v2\/posts"}],"about":[{"href":"https:\/\/wgphoto.pl\/t\/index.php?rest_route=\/wp\/v2\/types\/post"}],"author":[{"embeddable":true,"href":"https:\/\/wgphoto.pl\/t\/index.php?rest_route=\/wp\/v2\/users\/1"}],"replies":[{"embeddable":true,"href":"https:\/\/wgphoto.pl\/t\/index.php?rest_route=%2Fwp%2Fv2%2Fcomments&post=12593"}],"version-history":[{"count":1,"href":"https:\/\/wgphoto.pl\/t\/index.php?rest_route=\/wp\/v2\/posts\/12593\/revisions"}],"predecessor-version":[{"id":12595,"href":"https:\/\/wgphoto.pl\/t\/index.php?rest_route=\/wp\/v2\/posts\/12593\/revisions\/12595"}],"wp:featuredmedia":[{"embeddable":true,"href":"https:\/\/wgphoto.pl\/t\/index.php?rest_route=\/wp\/v2\/media\/12594"}],"wp:attachment":[{"href":"https:\/\/wgphoto.pl\/t\/index.php?rest_route=%2Fwp%2Fv2%2Fmedia&parent=12593"}],"wp:term":[{"taxonomy":"category","embeddable":true,"href":"https:\/\/wgphoto.pl\/t\/index.php?rest_route=%2Fwp%2Fv2%2Fcategories&post=12593"},{"taxonomy":"post_tag","embeddable":true,"href":"https:\/\/wgphoto.pl\/t\/index.php?rest_route=%2Fwp%2Fv2%2Ftags&post=12593"}],"curies":[{"name":"wp","href":"https:\/\/api.w.org\/{rel}","templated":true}]}}