{"id":12611,"date":"2025-02-22T15:42:29","date_gmt":"2025-02-22T14:42:29","guid":{"rendered":"https:\/\/wgphoto.pl\/t\/?p=12611"},"modified":"2025-02-22T15:42:29","modified_gmt":"2025-02-22T14:42:29","slug":"st43-170-klobuczyn","status":"publish","type":"post","link":"https:\/\/wgphoto.pl\/t\/?p=12611","title":{"rendered":"ST43-170, K\u0142obuczyn"},"content":{"rendered":"\n<figure class=\"wp-block-image aligncenter size-full\"><img loading=\"lazy\" decoding=\"async\" width=\"1200\" height=\"800\" src=\"https:\/\/wgphoto.pl\/t\/wp-content\/uploads\/2025\/02\/0733-35aa.jpg\" alt=\"\" class=\"wp-image-12612\" srcset=\"https:\/\/wgphoto.pl\/t\/wp-content\/uploads\/2025\/02\/0733-35aa.jpg 1200w, https:\/\/wgphoto.pl\/t\/wp-content\/uploads\/2025\/02\/0733-35aa-300x200.jpg 300w, https:\/\/wgphoto.pl\/t\/wp-content\/uploads\/2025\/02\/0733-35aa-768x512.jpg 768w\" sizes=\"auto, (max-width: 1200px) 100vw, 1200px\" \/><\/figure>\n\n\n\n<div class=\"wp-block-group has-global-padding is-layout-constrained wp-block-group-is-layout-constrained\">\n<p>Tytu\u0142owa maszyna mija stacj\u0119 K\u0142obuczyn, zdegradowan\u0105 do roli posterunku odst\u0119powego. Zaro\u015bni\u0119te perony \u015bwiadcz\u0105 o zawieszonym ju\u017c wiele lat temu ruchu pasa\u017cerskim na trasie z \u017bagania do G\u0142ogowa. 29.09.2007<\/p>\n<\/div>\n","protected":false},"excerpt":{"rendered":"<p>Tytu\u0142owa maszyna mija stacj\u0119 K\u0142obuczyn, zdegradowan\u0105 do roli posterunku odst\u0119powego. Zaro\u015bni\u0119te perony \u015bwiadcz\u0105 o zawieszonym ju\u017c wiele lat temu ruchu pasa\u017cerskim na trasie z \u017bagania do G\u0142ogowa. 29.09.2007<\/p>\n","protected":false},"author":1,"featured_media":12612,"comment_status":"open","ping_status":"","sticky":false,"template":"","format":"standard","meta":{"footnotes":""},"categories":[62,2,96],"tags":[1452,126,3241,162,63,27,64,2458],"class_list":["post-12611","post","type-post","status-publish","format-standard","has-post-thumbnail","hentry","category-analog","category-kolej","category-rok-2007","tag-2007-09-29","tag-jesien","tag-klobuczyn","tag-niebo","tag-pkp","tag-polska","tag-st43","tag-tab-pl358"],"_links":{"self":[{"href":"https:\/\/wgphoto.pl\/t\/index.php?rest_route=\/wp\/v2\/posts\/12611","targetHints":{"allow":["GET"]}}],"collection":[{"href":"https:\/\/wgphoto.pl\/t\/index.php?rest_route=\/wp\/v2\/posts"}],"about":[{"href":"https:\/\/wgphoto.pl\/t\/index.php?rest_route=\/wp\/v2\/types\/post"}],"author":[{"embeddable":true,"href":"https:\/\/wgphoto.pl\/t\/index.php?rest_route=\/wp\/v2\/users\/1"}],"replies":[{"embeddable":true,"href":"https:\/\/wgphoto.pl\/t\/index.php?rest_route=%2Fwp%2Fv2%2Fcomments&post=12611"}],"version-history":[{"count":1,"href":"https:\/\/wgphoto.pl\/t\/index.php?rest_route=\/wp\/v2\/posts\/12611\/revisions"}],"predecessor-version":[{"id":12613,"href":"https:\/\/wgphoto.pl\/t\/index.php?rest_route=\/wp\/v2\/posts\/12611\/revisions\/12613"}],"wp:featuredmedia":[{"embeddable":true,"href":"https:\/\/wgphoto.pl\/t\/index.php?rest_route=\/wp\/v2\/media\/12612"}],"wp:attachment":[{"href":"https:\/\/wgphoto.pl\/t\/index.php?rest_route=%2Fwp%2Fv2%2Fmedia&parent=12611"}],"wp:term":[{"taxonomy":"category","embeddable":true,"href":"https:\/\/wgphoto.pl\/t\/index.php?rest_route=%2Fwp%2Fv2%2Fcategories&post=12611"},{"taxonomy":"post_tag","embeddable":true,"href":"https:\/\/wgphoto.pl\/t\/index.php?rest_route=%2Fwp%2Fv2%2Ftags&post=12611"}],"curies":[{"name":"wp","href":"https:\/\/api.w.org\/{rel}","templated":true}]}}