{"id":12614,"date":"2025-02-22T15:43:31","date_gmt":"2025-02-22T14:43:31","guid":{"rendered":"https:\/\/wgphoto.pl\/t\/?p=12614"},"modified":"2025-02-22T15:43:31","modified_gmt":"2025-02-22T14:43:31","slug":"st43-170-nielubia","status":"publish","type":"post","link":"https:\/\/wgphoto.pl\/t\/?p=12614","title":{"rendered":"ST43-170, Nielubia"},"content":{"rendered":"\n<figure class=\"wp-block-image aligncenter size-full\"><img loading=\"lazy\" decoding=\"async\" width=\"1200\" height=\"800\" src=\"https:\/\/wgphoto.pl\/t\/wp-content\/uploads\/2025\/02\/0733-36a.jpg\" alt=\"\" class=\"wp-image-12615\" srcset=\"https:\/\/wgphoto.pl\/t\/wp-content\/uploads\/2025\/02\/0733-36a.jpg 1200w, https:\/\/wgphoto.pl\/t\/wp-content\/uploads\/2025\/02\/0733-36a-300x200.jpg 300w, https:\/\/wgphoto.pl\/t\/wp-content\/uploads\/2025\/02\/0733-36a-768x512.jpg 768w\" sizes=\"auto, (max-width: 1200px) 100vw, 1200px\" \/><\/figure>\n\n\n\n<div class=\"wp-block-group has-global-padding is-layout-constrained wp-block-group-is-layout-constrained\">\n<p>ST43-170 mija stra\u017cnic\u0119 przejazdow\u0105 (niegdy\u015b &#8211; przystanek osobowy, a wcze\u015bniej pewnie i stacj\u0119) w 292. kilometrze linii nr 14 \u0141\u00f3d\u017a Kaliska &#8211; Forst (DE). Z powodu zbli\u017caj\u0105cego si\u0119 poci\u0105gu pani dr\u00f3\u017cniczka musia\u0142a przerwa\u0107 sprz\u0105tanie peronu z jesiennych li\u015bci. 29.09.2007<\/p>\n<\/div>\n","protected":false},"excerpt":{"rendered":"<p>ST43-170 mija stra\u017cnic\u0119 przejazdow\u0105 (niegdy\u015b &#8211; przystanek osobowy, a wcze\u015bniej pewnie i stacj\u0119) w 292. kilometrze linii nr 14 \u0141\u00f3d\u017a Kaliska &#8211; Forst (DE). Z powodu zbli\u017caj\u0105cego si\u0119 poci\u0105gu pani dr\u00f3\u017cniczka musia\u0142a przerwa\u0107 sprz\u0105tanie peronu z jesiennych li\u015bci. 29.09.2007<\/p>\n","protected":false},"author":1,"featured_media":12615,"comment_status":"open","ping_status":"","sticky":false,"template":"","format":"standard","meta":{"footnotes":""},"categories":[62,2,96],"tags":[1452,126,3242,24,63,27,64,2458],"class_list":["post-12614","post","type-post","status-publish","format-standard","has-post-thumbnail","hentry","category-analog","category-kolej","category-rok-2007","tag-2007-09-29","tag-jesien","tag-nielubia","tag-perony","tag-pkp","tag-polska","tag-st43","tag-tab-pl358"],"_links":{"self":[{"href":"https:\/\/wgphoto.pl\/t\/index.php?rest_route=\/wp\/v2\/posts\/12614","targetHints":{"allow":["GET"]}}],"collection":[{"href":"https:\/\/wgphoto.pl\/t\/index.php?rest_route=\/wp\/v2\/posts"}],"about":[{"href":"https:\/\/wgphoto.pl\/t\/index.php?rest_route=\/wp\/v2\/types\/post"}],"author":[{"embeddable":true,"href":"https:\/\/wgphoto.pl\/t\/index.php?rest_route=\/wp\/v2\/users\/1"}],"replies":[{"embeddable":true,"href":"https:\/\/wgphoto.pl\/t\/index.php?rest_route=%2Fwp%2Fv2%2Fcomments&post=12614"}],"version-history":[{"count":1,"href":"https:\/\/wgphoto.pl\/t\/index.php?rest_route=\/wp\/v2\/posts\/12614\/revisions"}],"predecessor-version":[{"id":12616,"href":"https:\/\/wgphoto.pl\/t\/index.php?rest_route=\/wp\/v2\/posts\/12614\/revisions\/12616"}],"wp:featuredmedia":[{"embeddable":true,"href":"https:\/\/wgphoto.pl\/t\/index.php?rest_route=\/wp\/v2\/media\/12615"}],"wp:attachment":[{"href":"https:\/\/wgphoto.pl\/t\/index.php?rest_route=%2Fwp%2Fv2%2Fmedia&parent=12614"}],"wp:term":[{"taxonomy":"category","embeddable":true,"href":"https:\/\/wgphoto.pl\/t\/index.php?rest_route=%2Fwp%2Fv2%2Fcategories&post=12614"},{"taxonomy":"post_tag","embeddable":true,"href":"https:\/\/wgphoto.pl\/t\/index.php?rest_route=%2Fwp%2Fv2%2Ftags&post=12614"}],"curies":[{"name":"wp","href":"https:\/\/api.w.org\/{rel}","templated":true}]}}