{"id":12647,"date":"2025-02-22T19:04:12","date_gmt":"2025-02-22T18:04:12","guid":{"rendered":"https:\/\/wgphoto.pl\/t\/?p=12647"},"modified":"2025-02-22T19:04:12","modified_gmt":"2025-02-22T18:04:12","slug":"podmiejski-zolty","status":"publish","type":"post","link":"https:\/\/wgphoto.pl\/t\/?p=12647","title":{"rendered":"Podmiejski \u017c\u00f3\u0142ty"},"content":{"rendered":"\n<figure class=\"wp-block-image aligncenter size-full\"><img loading=\"lazy\" decoding=\"async\" width=\"1000\" height=\"665\" src=\"https:\/\/wgphoto.pl\/t\/wp-content\/uploads\/2025\/02\/imgp7424.jpg\" alt=\"\" class=\"wp-image-12648\" srcset=\"https:\/\/wgphoto.pl\/t\/wp-content\/uploads\/2025\/02\/imgp7424.jpg 1000w, https:\/\/wgphoto.pl\/t\/wp-content\/uploads\/2025\/02\/imgp7424-300x200.jpg 300w, https:\/\/wgphoto.pl\/t\/wp-content\/uploads\/2025\/02\/imgp7424-768x511.jpg 768w\" sizes=\"auto, (max-width: 1000px) 100vw, 1000px\" \/><\/figure>\n\n\n\n<div class=\"wp-block-group has-global-padding is-layout-constrained wp-block-group-is-layout-constrained\">\n<p>Poci\u0105g podmiejski do le\u017c\u0105cego nad oceanem Cascais odje\u017cd\u017ca z przystanku Santos. Sk\u0142ad zestawiony jest z zasilanych pr\u0105dem 1500 V DC jednostek serii 3250, wyprodukowanych na prze\u0142omie lat 50- i 60-tych ubieg\u0142ego wieku i poddanych modernizacji w latach 1998-2002. W tle widoczny jest most Ponte 25 de Abril, \u0142\u0105cz\u0105cy Lizbon\u0119 z Almad\u0105. Dosy\u0107 charakterystyczn\u0105 kwesti\u0105 jest obs\u0142uga ka\u017cdej z czterech lizbo\u0144skich linii podmiejskich innymi pojazdami, rozpoznawalnymi dla laika po kolorystyce czo\u0142a. Mamy wi\u0119c linie: czerwon\u0105 zielon\u0105, \u017c\u00f3\u0142t\u0105 i niebiesk\u0105. Tak si\u0119 jednak sk\u0142ada, \u017ce kolor czo\u0142a pojazdu oraz linii na schemacie komunikacyjnym jest jednakowy tylko w przypadku linii \u017c\u00f3\u0142tej oraz niebieskiej. 07.09.2010<\/p>\n<\/div>\n","protected":false},"excerpt":{"rendered":"<p>Poci\u0105g podmiejski do le\u017c\u0105cego nad oceanem Cascais odje\u017cd\u017ca z przystanku Santos. Sk\u0142ad zestawiony jest z zasilanych pr\u0105dem 1500 V DC jednostek serii 3250, wyprodukowanych na prze\u0142omie lat 50- i 60-tych ubieg\u0142ego wieku i poddanych modernizacji w latach 1998-2002. W tle widoczny jest most Ponte 25 de Abril, \u0142\u0105cz\u0105cy Lizbon\u0119 z Almad\u0105. Dosy\u0107 charakterystyczn\u0105 kwesti\u0105 jest [&hellip;]<\/p>\n","protected":false},"author":1,"featured_media":12648,"comment_status":"open","ping_status":"","sticky":false,"template":"","format":"standard","meta":{"footnotes":""},"categories":[2,86],"tags":[1430,1165,1374,298,297,3245],"class_list":["post-12647","post","type-post","status-publish","format-standard","has-post-thumbnail","hentry","category-kolej","category-rok-2010","tag-2010-09-07","tag-cp","tag-kolej-podmiejska","tag-lizbona","tag-portugalia","tag-santos"],"_links":{"self":[{"href":"https:\/\/wgphoto.pl\/t\/index.php?rest_route=\/wp\/v2\/posts\/12647","targetHints":{"allow":["GET"]}}],"collection":[{"href":"https:\/\/wgphoto.pl\/t\/index.php?rest_route=\/wp\/v2\/posts"}],"about":[{"href":"https:\/\/wgphoto.pl\/t\/index.php?rest_route=\/wp\/v2\/types\/post"}],"author":[{"embeddable":true,"href":"https:\/\/wgphoto.pl\/t\/index.php?rest_route=\/wp\/v2\/users\/1"}],"replies":[{"embeddable":true,"href":"https:\/\/wgphoto.pl\/t\/index.php?rest_route=%2Fwp%2Fv2%2Fcomments&post=12647"}],"version-history":[{"count":1,"href":"https:\/\/wgphoto.pl\/t\/index.php?rest_route=\/wp\/v2\/posts\/12647\/revisions"}],"predecessor-version":[{"id":12649,"href":"https:\/\/wgphoto.pl\/t\/index.php?rest_route=\/wp\/v2\/posts\/12647\/revisions\/12649"}],"wp:featuredmedia":[{"embeddable":true,"href":"https:\/\/wgphoto.pl\/t\/index.php?rest_route=\/wp\/v2\/media\/12648"}],"wp:attachment":[{"href":"https:\/\/wgphoto.pl\/t\/index.php?rest_route=%2Fwp%2Fv2%2Fmedia&parent=12647"}],"wp:term":[{"taxonomy":"category","embeddable":true,"href":"https:\/\/wgphoto.pl\/t\/index.php?rest_route=%2Fwp%2Fv2%2Fcategories&post=12647"},{"taxonomy":"post_tag","embeddable":true,"href":"https:\/\/wgphoto.pl\/t\/index.php?rest_route=%2Fwp%2Fv2%2Ftags&post=12647"}],"curies":[{"name":"wp","href":"https:\/\/api.w.org\/{rel}","templated":true}]}}