{"id":12653,"date":"2025-02-22T19:06:11","date_gmt":"2025-02-22T18:06:11","guid":{"rendered":"https:\/\/wgphoto.pl\/t\/?p=12653"},"modified":"2025-02-23T11:47:51","modified_gmt":"2025-02-23T10:47:51","slug":"podmiejski-czerwony","status":"publish","type":"post","link":"https:\/\/wgphoto.pl\/t\/?p=12653","title":{"rendered":"Podmiejski czerwony"},"content":{"rendered":"\n<figure class=\"wp-block-image aligncenter size-full\"><img loading=\"lazy\" decoding=\"async\" width=\"1000\" height=\"665\" src=\"https:\/\/wgphoto.pl\/t\/wp-content\/uploads\/2025\/02\/imgp7230.jpg\" alt=\"\" class=\"wp-image-12654\" srcset=\"https:\/\/wgphoto.pl\/t\/wp-content\/uploads\/2025\/02\/imgp7230.jpg 1000w, https:\/\/wgphoto.pl\/t\/wp-content\/uploads\/2025\/02\/imgp7230-300x200.jpg 300w, https:\/\/wgphoto.pl\/t\/wp-content\/uploads\/2025\/02\/imgp7230-768x511.jpg 768w\" sizes=\"auto, (max-width: 1000px) 100vw, 1000px\" \/><\/figure>\n\n\n\n<div class=\"wp-block-group has-global-padding is-layout-constrained wp-block-group-is-layout-constrained\">\n<p>Czerwony poci\u0105g podmiejski, kursuj\u0105cy na zielonej linii do Sintry, oczekuje pory odjazdu z czo\u0142owego dworca Rossio w Lizbonie. Tu\u017c za ko\u0144cem peron\u00f3w tory zag\u0142\u0119biaj\u0105 si\u0119 w tunelu, nie jest wi\u0119c \u0142atwo pope\u0142ni\u0107 takie foto, poniewa\u017c sk\u0142ady s\u0105 zazwyczaj zestawiane z dw\u00f3ch jednostek, perony za\u015b obliczono w\u0142a\u015bnie na tak\u0105 d\u0142ugo\u015b\u0107. Na szcz\u0119\u015bcie wieczorem uda\u0142o mi si\u0119 trafi\u0107 kurzzug. 05.09.2010<\/p>\n<\/div>\n","protected":false},"excerpt":{"rendered":"<p>Czerwony poci\u0105g podmiejski, kursuj\u0105cy na zielonej linii do Sintry, oczekuje pory odjazdu z czo\u0142owego dworca Rossio w Lizbonie. Tu\u017c za ko\u0144cem peron\u00f3w tory zag\u0142\u0119biaj\u0105 si\u0119 w tunelu, nie jest wi\u0119c \u0142atwo pope\u0142ni\u0107 takie foto, poniewa\u017c sk\u0142ady s\u0105 zazwyczaj zestawiane z dw\u00f3ch jednostek, perony za\u015b obliczono w\u0142a\u015bnie na tak\u0105 d\u0142ugo\u015b\u0107. Na szcz\u0119\u015bcie wieczorem uda\u0142o mi si\u0119 [&hellip;]<\/p>\n","protected":false},"author":1,"featured_media":12654,"comment_status":"open","ping_status":"","sticky":false,"template":"","format":"standard","meta":{"footnotes":""},"categories":[2,86],"tags":[3246,1165,179,3247,298,94,154,297],"class_list":["post-12653","post","type-post","status-publish","format-standard","has-post-thumbnail","hentry","category-kolej","category-rok-2010","tag-2010-09-05","tag-cp","tag-hala-peronowa","tag-lisboa-rossio","tag-lizbona","tag-na-kolejowym-koncu-swiata","tag-noc","tag-portugalia"],"_links":{"self":[{"href":"https:\/\/wgphoto.pl\/t\/index.php?rest_route=\/wp\/v2\/posts\/12653","targetHints":{"allow":["GET"]}}],"collection":[{"href":"https:\/\/wgphoto.pl\/t\/index.php?rest_route=\/wp\/v2\/posts"}],"about":[{"href":"https:\/\/wgphoto.pl\/t\/index.php?rest_route=\/wp\/v2\/types\/post"}],"author":[{"embeddable":true,"href":"https:\/\/wgphoto.pl\/t\/index.php?rest_route=\/wp\/v2\/users\/1"}],"replies":[{"embeddable":true,"href":"https:\/\/wgphoto.pl\/t\/index.php?rest_route=%2Fwp%2Fv2%2Fcomments&post=12653"}],"version-history":[{"count":1,"href":"https:\/\/wgphoto.pl\/t\/index.php?rest_route=\/wp\/v2\/posts\/12653\/revisions"}],"predecessor-version":[{"id":12655,"href":"https:\/\/wgphoto.pl\/t\/index.php?rest_route=\/wp\/v2\/posts\/12653\/revisions\/12655"}],"wp:featuredmedia":[{"embeddable":true,"href":"https:\/\/wgphoto.pl\/t\/index.php?rest_route=\/wp\/v2\/media\/12654"}],"wp:attachment":[{"href":"https:\/\/wgphoto.pl\/t\/index.php?rest_route=%2Fwp%2Fv2%2Fmedia&parent=12653"}],"wp:term":[{"taxonomy":"category","embeddable":true,"href":"https:\/\/wgphoto.pl\/t\/index.php?rest_route=%2Fwp%2Fv2%2Fcategories&post=12653"},{"taxonomy":"post_tag","embeddable":true,"href":"https:\/\/wgphoto.pl\/t\/index.php?rest_route=%2Fwp%2Fv2%2Ftags&post=12653"}],"curies":[{"name":"wp","href":"https:\/\/api.w.org\/{rel}","templated":true}]}}