{"id":12662,"date":"2025-02-22T19:10:03","date_gmt":"2025-02-22T18:10:03","guid":{"rendered":"https:\/\/wgphoto.pl\/t\/?p=12662"},"modified":"2025-02-22T19:10:03","modified_gmt":"2025-02-22T18:10:03","slug":"ponte-dom-luis-i-2","status":"publish","type":"post","link":"https:\/\/wgphoto.pl\/t\/?p=12662","title":{"rendered":"Ponte Dom Lu\u00eds I (2)"},"content":{"rendered":"\n<figure class=\"wp-block-image aligncenter size-full\"><img loading=\"lazy\" decoding=\"async\" width=\"1024\" height=\"683\" src=\"https:\/\/wgphoto.pl\/t\/wp-content\/uploads\/2025\/02\/imgp7076.jpg\" alt=\"\" class=\"wp-image-12663\" srcset=\"https:\/\/wgphoto.pl\/t\/wp-content\/uploads\/2025\/02\/imgp7076.jpg 1024w, https:\/\/wgphoto.pl\/t\/wp-content\/uploads\/2025\/02\/imgp7076-300x200.jpg 300w, https:\/\/wgphoto.pl\/t\/wp-content\/uploads\/2025\/02\/imgp7076-768x512.jpg 768w\" sizes=\"auto, (max-width: 1024px) 100vw, 1024px\" \/><\/figure>\n\n\n\n<div class=\"wp-block-group has-global-padding is-layout-constrained wp-block-group-is-layout-constrained\">\n<p>Porto, Ponte Dom Lu\u00eds I. Po prawej stronie widoczne jest torowisko tutejszego funikularu. Uwa\u017cny obserwator dostrze\u017ce tak\u017ce jeden z wagon\u00f3w. 04.09.2010<\/p>\n<\/div>\n","protected":false},"excerpt":{"rendered":"<p>Porto, Ponte Dom Lu\u00eds I. Po prawej stronie widoczne jest torowisko tutejszego funikularu. Uwa\u017cny obserwator dostrze\u017ce tak\u017ce jeden z wagon\u00f3w. 04.09.2010<\/p>\n","protected":false},"author":1,"featured_media":12663,"comment_status":"open","ping_status":"","sticky":false,"template":"","format":"standard","meta":{"footnotes":""},"categories":[4,86,3],"tags":[1199,502,504,45,503,297],"class_list":["post-12662","post","type-post","status-publish","format-standard","has-post-thumbnail","hentry","category-metro","category-rok-2010","category-tramwaj","tag-2010-09-04","tag-eurotram","tag-metro-do-porto","tag-most","tag-porto","tag-portugalia"],"_links":{"self":[{"href":"https:\/\/wgphoto.pl\/t\/index.php?rest_route=\/wp\/v2\/posts\/12662","targetHints":{"allow":["GET"]}}],"collection":[{"href":"https:\/\/wgphoto.pl\/t\/index.php?rest_route=\/wp\/v2\/posts"}],"about":[{"href":"https:\/\/wgphoto.pl\/t\/index.php?rest_route=\/wp\/v2\/types\/post"}],"author":[{"embeddable":true,"href":"https:\/\/wgphoto.pl\/t\/index.php?rest_route=\/wp\/v2\/users\/1"}],"replies":[{"embeddable":true,"href":"https:\/\/wgphoto.pl\/t\/index.php?rest_route=%2Fwp%2Fv2%2Fcomments&post=12662"}],"version-history":[{"count":1,"href":"https:\/\/wgphoto.pl\/t\/index.php?rest_route=\/wp\/v2\/posts\/12662\/revisions"}],"predecessor-version":[{"id":12664,"href":"https:\/\/wgphoto.pl\/t\/index.php?rest_route=\/wp\/v2\/posts\/12662\/revisions\/12664"}],"wp:featuredmedia":[{"embeddable":true,"href":"https:\/\/wgphoto.pl\/t\/index.php?rest_route=\/wp\/v2\/media\/12663"}],"wp:attachment":[{"href":"https:\/\/wgphoto.pl\/t\/index.php?rest_route=%2Fwp%2Fv2%2Fmedia&parent=12662"}],"wp:term":[{"taxonomy":"category","embeddable":true,"href":"https:\/\/wgphoto.pl\/t\/index.php?rest_route=%2Fwp%2Fv2%2Fcategories&post=12662"},{"taxonomy":"post_tag","embeddable":true,"href":"https:\/\/wgphoto.pl\/t\/index.php?rest_route=%2Fwp%2Fv2%2Ftags&post=12662"}],"curies":[{"name":"wp","href":"https:\/\/api.w.org\/{rel}","templated":true}]}}