{"id":12665,"date":"2025-02-22T19:11:01","date_gmt":"2025-02-22T18:11:01","guid":{"rendered":"https:\/\/wgphoto.pl\/t\/?p=12665"},"modified":"2025-02-22T19:11:01","modified_gmt":"2025-02-22T18:11:01","slug":"ponte-dom-luis-i-1","status":"publish","type":"post","link":"https:\/\/wgphoto.pl\/t\/?p=12665","title":{"rendered":"Ponte Dom Lu\u00eds I (1)"},"content":{"rendered":"\n<figure class=\"wp-block-image aligncenter size-full\"><img loading=\"lazy\" decoding=\"async\" width=\"1300\" height=\"870\" src=\"https:\/\/wgphoto.pl\/t\/wp-content\/uploads\/2025\/02\/imgp7072-1.jpg\" alt=\"\" class=\"wp-image-12666\" srcset=\"https:\/\/wgphoto.pl\/t\/wp-content\/uploads\/2025\/02\/imgp7072-1.jpg 1300w, https:\/\/wgphoto.pl\/t\/wp-content\/uploads\/2025\/02\/imgp7072-1-300x201.jpg 300w, https:\/\/wgphoto.pl\/t\/wp-content\/uploads\/2025\/02\/imgp7072-1-768x514.jpg 768w\" sizes=\"auto, (max-width: 1300px) 100vw, 1300px\" \/><\/figure>\n\n\n\n<div class=\"wp-block-group has-global-padding is-layout-constrained wp-block-group-is-layout-constrained\">\n<p>Eurotram na linii D przejezd\u017ca przez s\u0142ynny most Ludwika I &#8211; symbol Porto. Sam obiekt, jak i panorama miasta rozpo\u015bcieraj\u0105ca si\u0119 z mur\u00f3w Serra do Pilar s\u0105 na tyle efektowne, \u017ce m\u00f3g\u0142bym tam siedzie\u0107 i fotografowa\u0107 tramwaje godzinami. \ud83d\ude42 04.09.2010<\/p>\n<\/div>\n","protected":false},"excerpt":{"rendered":"<p>Eurotram na linii D przejezd\u017ca przez s\u0142ynny most Ludwika I &#8211; symbol Porto. Sam obiekt, jak i panorama miasta rozpo\u015bcieraj\u0105ca si\u0119 z mur\u00f3w Serra do Pilar s\u0105 na tyle efektowne, \u017ce m\u00f3g\u0142bym tam siedzie\u0107 i fotografowa\u0107 tramwaje godzinami. \ud83d\ude42 04.09.2010<\/p>\n","protected":false},"author":1,"featured_media":12666,"comment_status":"open","ping_status":"","sticky":false,"template":"","format":"standard","meta":{"footnotes":""},"categories":[220,86,3],"tags":[1199,502,113,504,45,503,297,73],"class_list":["post-12665","post","type-post","status-publish","format-standard","has-post-thumbnail","hentry","category-blo","category-rok-2010","category-tramwaj","tag-2010-09-04","tag-eurotram","tag-landszaft","tag-metro-do-porto","tag-most","tag-porto","tag-portugalia","tag-rzeka"],"_links":{"self":[{"href":"https:\/\/wgphoto.pl\/t\/index.php?rest_route=\/wp\/v2\/posts\/12665","targetHints":{"allow":["GET"]}}],"collection":[{"href":"https:\/\/wgphoto.pl\/t\/index.php?rest_route=\/wp\/v2\/posts"}],"about":[{"href":"https:\/\/wgphoto.pl\/t\/index.php?rest_route=\/wp\/v2\/types\/post"}],"author":[{"embeddable":true,"href":"https:\/\/wgphoto.pl\/t\/index.php?rest_route=\/wp\/v2\/users\/1"}],"replies":[{"embeddable":true,"href":"https:\/\/wgphoto.pl\/t\/index.php?rest_route=%2Fwp%2Fv2%2Fcomments&post=12665"}],"version-history":[{"count":1,"href":"https:\/\/wgphoto.pl\/t\/index.php?rest_route=\/wp\/v2\/posts\/12665\/revisions"}],"predecessor-version":[{"id":12667,"href":"https:\/\/wgphoto.pl\/t\/index.php?rest_route=\/wp\/v2\/posts\/12665\/revisions\/12667"}],"wp:featuredmedia":[{"embeddable":true,"href":"https:\/\/wgphoto.pl\/t\/index.php?rest_route=\/wp\/v2\/media\/12666"}],"wp:attachment":[{"href":"https:\/\/wgphoto.pl\/t\/index.php?rest_route=%2Fwp%2Fv2%2Fmedia&parent=12665"}],"wp:term":[{"taxonomy":"category","embeddable":true,"href":"https:\/\/wgphoto.pl\/t\/index.php?rest_route=%2Fwp%2Fv2%2Fcategories&post=12665"},{"taxonomy":"post_tag","embeddable":true,"href":"https:\/\/wgphoto.pl\/t\/index.php?rest_route=%2Fwp%2Fv2%2Ftags&post=12665"}],"curies":[{"name":"wp","href":"https:\/\/api.w.org\/{rel}","templated":true}]}}