{"id":12668,"date":"2025-02-22T19:12:07","date_gmt":"2025-02-22T18:12:07","guid":{"rendered":"https:\/\/wgphoto.pl\/t\/?p=12668"},"modified":"2025-02-22T19:12:07","modified_gmt":"2025-02-22T18:12:07","slug":"metro-na-deptaku","status":"publish","type":"post","link":"https:\/\/wgphoto.pl\/t\/?p=12668","title":{"rendered":"Metro na deptaku"},"content":{"rendered":"\n<figure class=\"wp-block-image aligncenter size-full\"><img loading=\"lazy\" decoding=\"async\" width=\"1024\" height=\"678\" src=\"https:\/\/wgphoto.pl\/t\/wp-content\/uploads\/2025\/02\/imgp7097.jpg\" alt=\"\" class=\"wp-image-12669\" srcset=\"https:\/\/wgphoto.pl\/t\/wp-content\/uploads\/2025\/02\/imgp7097.jpg 1024w, https:\/\/wgphoto.pl\/t\/wp-content\/uploads\/2025\/02\/imgp7097-300x199.jpg 300w, https:\/\/wgphoto.pl\/t\/wp-content\/uploads\/2025\/02\/imgp7097-768x509.jpg 768w\" sizes=\"auto, (max-width: 1024px) 100vw, 1024px\" \/><\/figure>\n\n\n\n<div class=\"wp-block-group has-global-padding is-layout-constrained wp-block-group-is-layout-constrained\">\n<p>Matosinhos, Rua Brito Capelo. Linia A dociera do Matosinhos, ponad 150-tysi\u0119cznego miasta le\u017c\u0105cego w aglomeracji Porto. W centrum miejscowo\u015bci, gdzie metro pokonuje licz\u0105cy dwa przystanki odcinek poprowadzony po deptaku, mo\u017cna si\u0119 natkn\u0105\u0107 na pewn\u0105 ciekawostk\u0119 infrastrukturaln\u0105. Poziom deptanej ulicy jest w ca\u0142ym przekroju jednakowy, peron przystankowy dla metra zorganizowano wi\u0119c w do\u015b\u0107 nietypowy, wygodniejszy dla deptaj\u0105cych, spos\u00f3b. Nigdzie indziej w trakcie moich wycieczek na taki patent si\u0119 nie natkn\u0105\u0142em. 04.09.2010<\/p>\n<\/div>\n","protected":false},"excerpt":{"rendered":"<p>Matosinhos, Rua Brito Capelo. Linia A dociera do Matosinhos, ponad 150-tysi\u0119cznego miasta le\u017c\u0105cego w aglomeracji Porto. W centrum miejscowo\u015bci, gdzie metro pokonuje licz\u0105cy dwa przystanki odcinek poprowadzony po deptaku, mo\u017cna si\u0119 natkn\u0105\u0107 na pewn\u0105 ciekawostk\u0119 infrastrukturaln\u0105. Poziom deptanej ulicy jest w ca\u0142ym przekroju jednakowy, peron przystankowy dla metra zorganizowano wi\u0119c w do\u015b\u0107 nietypowy, wygodniejszy dla [&hellip;]<\/p>\n","protected":false},"author":1,"featured_media":12669,"comment_status":"open","ping_status":"","sticky":false,"template":"","format":"standard","meta":{"footnotes":""},"categories":[4,86,3],"tags":[1199,239,502,230,504,503,297],"class_list":["post-12668","post","type-post","status-publish","format-standard","has-post-thumbnail","hentry","category-metro","category-rok-2010","category-tramwaj","tag-2010-09-04","tag-deptak","tag-eurotram","tag-infrastruktura","tag-metro-do-porto","tag-porto","tag-portugalia"],"_links":{"self":[{"href":"https:\/\/wgphoto.pl\/t\/index.php?rest_route=\/wp\/v2\/posts\/12668","targetHints":{"allow":["GET"]}}],"collection":[{"href":"https:\/\/wgphoto.pl\/t\/index.php?rest_route=\/wp\/v2\/posts"}],"about":[{"href":"https:\/\/wgphoto.pl\/t\/index.php?rest_route=\/wp\/v2\/types\/post"}],"author":[{"embeddable":true,"href":"https:\/\/wgphoto.pl\/t\/index.php?rest_route=\/wp\/v2\/users\/1"}],"replies":[{"embeddable":true,"href":"https:\/\/wgphoto.pl\/t\/index.php?rest_route=%2Fwp%2Fv2%2Fcomments&post=12668"}],"version-history":[{"count":1,"href":"https:\/\/wgphoto.pl\/t\/index.php?rest_route=\/wp\/v2\/posts\/12668\/revisions"}],"predecessor-version":[{"id":12670,"href":"https:\/\/wgphoto.pl\/t\/index.php?rest_route=\/wp\/v2\/posts\/12668\/revisions\/12670"}],"wp:featuredmedia":[{"embeddable":true,"href":"https:\/\/wgphoto.pl\/t\/index.php?rest_route=\/wp\/v2\/media\/12669"}],"wp:attachment":[{"href":"https:\/\/wgphoto.pl\/t\/index.php?rest_route=%2Fwp%2Fv2%2Fmedia&parent=12668"}],"wp:term":[{"taxonomy":"category","embeddable":true,"href":"https:\/\/wgphoto.pl\/t\/index.php?rest_route=%2Fwp%2Fv2%2Fcategories&post=12668"},{"taxonomy":"post_tag","embeddable":true,"href":"https:\/\/wgphoto.pl\/t\/index.php?rest_route=%2Fwp%2Fv2%2Ftags&post=12668"}],"curies":[{"name":"wp","href":"https:\/\/api.w.org\/{rel}","templated":true}]}}