{"id":12671,"date":"2025-02-22T19:12:58","date_gmt":"2025-02-22T18:12:58","guid":{"rendered":"https:\/\/wgphoto.pl\/t\/?p=12671"},"modified":"2025-02-22T19:12:58","modified_gmt":"2025-02-22T18:12:58","slug":"senhor-de-matosinhos","status":"publish","type":"post","link":"https:\/\/wgphoto.pl\/t\/?p=12671","title":{"rendered":"Senhor de Matosinhos"},"content":{"rendered":"\n<figure class=\"wp-block-image aligncenter size-full\"><img loading=\"lazy\" decoding=\"async\" width=\"1300\" height=\"870\" src=\"https:\/\/wgphoto.pl\/t\/wp-content\/uploads\/2025\/02\/imgp7083-10.jpg\" alt=\"\" class=\"wp-image-12672\" srcset=\"https:\/\/wgphoto.pl\/t\/wp-content\/uploads\/2025\/02\/imgp7083-10.jpg 1300w, https:\/\/wgphoto.pl\/t\/wp-content\/uploads\/2025\/02\/imgp7083-10-300x201.jpg 300w, https:\/\/wgphoto.pl\/t\/wp-content\/uploads\/2025\/02\/imgp7083-10-768x514.jpg 768w\" sizes=\"auto, (max-width: 1300px) 100vw, 1300px\" \/><\/figure>\n\n\n\n<div class=\"wp-block-group has-global-padding is-layout-constrained wp-block-group-is-layout-constrained\">\n<p>Matosinhos, Avenida O Com\u00e9rcio de Leix\u00f5es. Eurotram MP051 wykonuje przejazd techniczny z ko\u0144cowego przystanku linii A do po\u0142o\u017conej kawa\u0142ek dalej kra\u0144c\u00f3wki. W tle znajduj\u0105 sie tereny portowe, gdyby za\u015b tramwaj pojawi\u0142 si\u0119 par\u0119 minut wcze\u015bniej, foto by\u0142oby odrobin\u0119 bardziej efektowne za spraw\u0105 otwartego mostu zwodzonego. 2010-09-04<\/p>\n<\/div>\n","protected":false},"excerpt":{"rendered":"<p>Matosinhos, Avenida O Com\u00e9rcio de Leix\u00f5es. Eurotram MP051 wykonuje przejazd techniczny z ko\u0144cowego przystanku linii A do po\u0142o\u017conej kawa\u0142ek dalej kra\u0144c\u00f3wki. W tle znajduj\u0105 sie tereny portowe, gdyby za\u015b tramwaj pojawi\u0142 si\u0119 par\u0119 minut wcze\u015bniej, foto by\u0142oby odrobin\u0119 bardziej efektowne za spraw\u0105 otwartego mostu zwodzonego. 2010-09-04<\/p>\n","protected":false},"author":1,"featured_media":12672,"comment_status":"open","ping_status":"","sticky":false,"template":"","format":"standard","meta":{"footnotes":""},"categories":[4,86,3],"tags":[1199,502,504,503,297],"class_list":["post-12671","post","type-post","status-publish","format-standard","has-post-thumbnail","hentry","category-metro","category-rok-2010","category-tramwaj","tag-2010-09-04","tag-eurotram","tag-metro-do-porto","tag-porto","tag-portugalia"],"_links":{"self":[{"href":"https:\/\/wgphoto.pl\/t\/index.php?rest_route=\/wp\/v2\/posts\/12671","targetHints":{"allow":["GET"]}}],"collection":[{"href":"https:\/\/wgphoto.pl\/t\/index.php?rest_route=\/wp\/v2\/posts"}],"about":[{"href":"https:\/\/wgphoto.pl\/t\/index.php?rest_route=\/wp\/v2\/types\/post"}],"author":[{"embeddable":true,"href":"https:\/\/wgphoto.pl\/t\/index.php?rest_route=\/wp\/v2\/users\/1"}],"replies":[{"embeddable":true,"href":"https:\/\/wgphoto.pl\/t\/index.php?rest_route=%2Fwp%2Fv2%2Fcomments&post=12671"}],"version-history":[{"count":1,"href":"https:\/\/wgphoto.pl\/t\/index.php?rest_route=\/wp\/v2\/posts\/12671\/revisions"}],"predecessor-version":[{"id":12673,"href":"https:\/\/wgphoto.pl\/t\/index.php?rest_route=\/wp\/v2\/posts\/12671\/revisions\/12673"}],"wp:featuredmedia":[{"embeddable":true,"href":"https:\/\/wgphoto.pl\/t\/index.php?rest_route=\/wp\/v2\/media\/12672"}],"wp:attachment":[{"href":"https:\/\/wgphoto.pl\/t\/index.php?rest_route=%2Fwp%2Fv2%2Fmedia&parent=12671"}],"wp:term":[{"taxonomy":"category","embeddable":true,"href":"https:\/\/wgphoto.pl\/t\/index.php?rest_route=%2Fwp%2Fv2%2Fcategories&post=12671"},{"taxonomy":"post_tag","embeddable":true,"href":"https:\/\/wgphoto.pl\/t\/index.php?rest_route=%2Fwp%2Fv2%2Ftags&post=12671"}],"curies":[{"name":"wp","href":"https:\/\/api.w.org\/{rel}","templated":true}]}}