{"id":12680,"date":"2025-02-22T19:15:32","date_gmt":"2025-02-22T18:15:32","guid":{"rendered":"https:\/\/wgphoto.pl\/t\/?p=12680"},"modified":"2025-02-22T19:15:32","modified_gmt":"2025-02-22T18:15:32","slug":"teletechnika-po-kolei","status":"publish","type":"post","link":"https:\/\/wgphoto.pl\/t\/?p=12680","title":{"rendered":"Teletechnika po kolei"},"content":{"rendered":"\n<figure class=\"wp-block-image aligncenter size-full\"><img loading=\"lazy\" decoding=\"async\" width=\"1024\" height=\"684\" src=\"https:\/\/wgphoto.pl\/t\/wp-content\/uploads\/2025\/02\/imgp7133.jpg\" alt=\"\" class=\"wp-image-12681\" srcset=\"https:\/\/wgphoto.pl\/t\/wp-content\/uploads\/2025\/02\/imgp7133.jpg 1024w, https:\/\/wgphoto.pl\/t\/wp-content\/uploads\/2025\/02\/imgp7133-300x200.jpg 300w, https:\/\/wgphoto.pl\/t\/wp-content\/uploads\/2025\/02\/imgp7133-768x513.jpg 768w\" sizes=\"auto, (max-width: 1024px) 100vw, 1024px\" \/><\/figure>\n\n\n\n<div class=\"wp-block-group has-global-padding is-layout-constrained wp-block-group-is-layout-constrained\">\n<p>Pojazd MP103 pokonuje odcinek mi\u0119dzy przystankami Casa da Musica i Francos, nale\u017c\u0105cy niegdy\u015b do w\u0105skotorowej linii kolejowej z Porto do Guimar\u00e3es. Aglomeracyjny odcinek tej linii na pocz\u0105tku XXI wieku przebudowano na metro, dalsze za\u015b odcinki wpi\u0119to w system kolei pa\u0144stwowych po uprzedniej zmianie rozstawu szyn oraz elektryfikacji. 2010-09-04<\/p>\n<\/div>\n","protected":false},"excerpt":{"rendered":"<p>Pojazd MP103 pokonuje odcinek mi\u0119dzy przystankami Casa da Musica i Francos, nale\u017c\u0105cy niegdy\u015b do w\u0105skotorowej linii kolejowej z Porto do Guimar\u00e3es. Aglomeracyjny odcinek tej linii na pocz\u0105tku XXI wieku przebudowano na metro, dalsze za\u015b odcinki wpi\u0119to w system kolei pa\u0144stwowych po uprzedniej zmianie rozstawu szyn oraz elektryfikacji. 2010-09-04<\/p>\n","protected":false},"author":1,"featured_media":12681,"comment_status":"open","ping_status":"","sticky":false,"template":"","format":"standard","meta":{"footnotes":""},"categories":[4,86,3],"tags":[1199,683,504,503,297],"class_list":["post-12680","post","type-post","status-publish","format-standard","has-post-thumbnail","hentry","category-metro","category-rok-2010","category-tramwaj","tag-2010-09-04","tag-bombardier-flexity-swift","tag-metro-do-porto","tag-porto","tag-portugalia"],"_links":{"self":[{"href":"https:\/\/wgphoto.pl\/t\/index.php?rest_route=\/wp\/v2\/posts\/12680","targetHints":{"allow":["GET"]}}],"collection":[{"href":"https:\/\/wgphoto.pl\/t\/index.php?rest_route=\/wp\/v2\/posts"}],"about":[{"href":"https:\/\/wgphoto.pl\/t\/index.php?rest_route=\/wp\/v2\/types\/post"}],"author":[{"embeddable":true,"href":"https:\/\/wgphoto.pl\/t\/index.php?rest_route=\/wp\/v2\/users\/1"}],"replies":[{"embeddable":true,"href":"https:\/\/wgphoto.pl\/t\/index.php?rest_route=%2Fwp%2Fv2%2Fcomments&post=12680"}],"version-history":[{"count":1,"href":"https:\/\/wgphoto.pl\/t\/index.php?rest_route=\/wp\/v2\/posts\/12680\/revisions"}],"predecessor-version":[{"id":12682,"href":"https:\/\/wgphoto.pl\/t\/index.php?rest_route=\/wp\/v2\/posts\/12680\/revisions\/12682"}],"wp:featuredmedia":[{"embeddable":true,"href":"https:\/\/wgphoto.pl\/t\/index.php?rest_route=\/wp\/v2\/media\/12681"}],"wp:attachment":[{"href":"https:\/\/wgphoto.pl\/t\/index.php?rest_route=%2Fwp%2Fv2%2Fmedia&parent=12680"}],"wp:term":[{"taxonomy":"category","embeddable":true,"href":"https:\/\/wgphoto.pl\/t\/index.php?rest_route=%2Fwp%2Fv2%2Fcategories&post=12680"},{"taxonomy":"post_tag","embeddable":true,"href":"https:\/\/wgphoto.pl\/t\/index.php?rest_route=%2Fwp%2Fv2%2Ftags&post=12680"}],"curies":[{"name":"wp","href":"https:\/\/api.w.org\/{rel}","templated":true}]}}