{"id":12683,"date":"2025-02-22T19:16:26","date_gmt":"2025-02-22T18:16:26","guid":{"rendered":"https:\/\/wgphoto.pl\/t\/?p=12683"},"modified":"2025-02-22T19:16:26","modified_gmt":"2025-02-22T18:16:26","slug":"budynek-po-kolei","status":"publish","type":"post","link":"https:\/\/wgphoto.pl\/t\/?p=12683","title":{"rendered":"Budynek po kolei"},"content":{"rendered":"\n<figure class=\"wp-block-image aligncenter size-full\"><img loading=\"lazy\" decoding=\"async\" width=\"1024\" height=\"684\" src=\"https:\/\/wgphoto.pl\/t\/wp-content\/uploads\/2025\/02\/imgp6748.jpg\" alt=\"\" class=\"wp-image-12684\" srcset=\"https:\/\/wgphoto.pl\/t\/wp-content\/uploads\/2025\/02\/imgp6748.jpg 1024w, https:\/\/wgphoto.pl\/t\/wp-content\/uploads\/2025\/02\/imgp6748-300x200.jpg 300w, https:\/\/wgphoto.pl\/t\/wp-content\/uploads\/2025\/02\/imgp6748-768x513.jpg 768w\" sizes=\"auto, (max-width: 1024px) 100vw, 1024px\" \/><\/figure>\n\n\n\n<div class=\"wp-block-group has-global-padding is-layout-constrained wp-block-group-is-layout-constrained\">\n<p>Metro w Porto jest po\u0142\u0105czeniem kolei, metra i tramwaju. Na trasach mo\u017cna znale\u017a\u0107 odcinki poprowadzone nowo wydr\u0105\u017conymi tunelami (szczeg\u00f3lnie w centrum Porto), w centrach miast satelitarnych trasy wprowadzono na ulice i deptaki, natomiast g\u0142\u00f3wn\u0105 o\u015b sieci na odcinku Trindade &#8211; Senhora da Hora oraz dalsze odcinki tras linii B i C wiod\u0105 po \u015bladzie dawnej linii kolejowej. Dla lepszego rozeznania proponuje zerkn\u0105\u0107 na <a href=\"http:\/\/urbanrail.net\/eu\/pt\/porto\/porto.htm\">schemat<\/a> oraz <a href=\"http:\/\/en.wikipedia.org\/wiki\/Trindade_(station)\">zdj\u0119cia po prawej<\/a>. Foto przedstawia wagon MP119, mijaj\u0105cy w\u0142a\u015bnie budynek stacji Senhora da Hora, na kt\u00f3rej \u015bcianie w ramach pam\u0105tki zachowano &#8222;wychylane&#8221; tabliczki z nazwami stacji docelowych (zielone; obok ograniczenia pr\u0119dko\u015bci do 20 km\/h). 02.09.2010<\/p>\n<\/div>\n","protected":false},"excerpt":{"rendered":"<p>Metro w Porto jest po\u0142\u0105czeniem kolei, metra i tramwaju. Na trasach mo\u017cna znale\u017a\u0107 odcinki poprowadzone nowo wydr\u0105\u017conymi tunelami (szczeg\u00f3lnie w centrum Porto), w centrach miast satelitarnych trasy wprowadzono na ulice i deptaki, natomiast g\u0142\u00f3wn\u0105 o\u015b sieci na odcinku Trindade &#8211; Senhora da Hora oraz dalsze odcinki tras linii B i C wiod\u0105 po \u015bladzie dawnej [&hellip;]<\/p>\n","protected":false},"author":1,"featured_media":12684,"comment_status":"open","ping_status":"","sticky":false,"template":"","format":"standard","meta":{"footnotes":""},"categories":[4,86,3],"tags":[1198,683,504,503,297],"class_list":["post-12683","post","type-post","status-publish","format-standard","has-post-thumbnail","hentry","category-metro","category-rok-2010","category-tramwaj","tag-2010-09-02","tag-bombardier-flexity-swift","tag-metro-do-porto","tag-porto","tag-portugalia"],"_links":{"self":[{"href":"https:\/\/wgphoto.pl\/t\/index.php?rest_route=\/wp\/v2\/posts\/12683","targetHints":{"allow":["GET"]}}],"collection":[{"href":"https:\/\/wgphoto.pl\/t\/index.php?rest_route=\/wp\/v2\/posts"}],"about":[{"href":"https:\/\/wgphoto.pl\/t\/index.php?rest_route=\/wp\/v2\/types\/post"}],"author":[{"embeddable":true,"href":"https:\/\/wgphoto.pl\/t\/index.php?rest_route=\/wp\/v2\/users\/1"}],"replies":[{"embeddable":true,"href":"https:\/\/wgphoto.pl\/t\/index.php?rest_route=%2Fwp%2Fv2%2Fcomments&post=12683"}],"version-history":[{"count":1,"href":"https:\/\/wgphoto.pl\/t\/index.php?rest_route=\/wp\/v2\/posts\/12683\/revisions"}],"predecessor-version":[{"id":12685,"href":"https:\/\/wgphoto.pl\/t\/index.php?rest_route=\/wp\/v2\/posts\/12683\/revisions\/12685"}],"wp:featuredmedia":[{"embeddable":true,"href":"https:\/\/wgphoto.pl\/t\/index.php?rest_route=\/wp\/v2\/media\/12684"}],"wp:attachment":[{"href":"https:\/\/wgphoto.pl\/t\/index.php?rest_route=%2Fwp%2Fv2%2Fmedia&parent=12683"}],"wp:term":[{"taxonomy":"category","embeddable":true,"href":"https:\/\/wgphoto.pl\/t\/index.php?rest_route=%2Fwp%2Fv2%2Fcategories&post=12683"},{"taxonomy":"post_tag","embeddable":true,"href":"https:\/\/wgphoto.pl\/t\/index.php?rest_route=%2Fwp%2Fv2%2Ftags&post=12683"}],"curies":[{"name":"wp","href":"https:\/\/api.w.org\/{rel}","templated":true}]}}