{"id":12686,"date":"2025-02-22T19:17:26","date_gmt":"2025-02-22T18:17:26","guid":{"rendered":"https:\/\/wgphoto.pl\/t\/?p=12686"},"modified":"2025-02-22T19:17:26","modified_gmt":"2025-02-22T18:17:26","slug":"forum-maia","status":"publish","type":"post","link":"https:\/\/wgphoto.pl\/t\/?p=12686","title":{"rendered":"F\u00f3rum Maia"},"content":{"rendered":"\n<figure class=\"wp-block-image aligncenter size-full\"><img loading=\"lazy\" decoding=\"async\" width=\"1300\" height=\"870\" src=\"https:\/\/wgphoto.pl\/t\/wp-content\/uploads\/2025\/02\/imgp6763.jpg\" alt=\"\" class=\"wp-image-12687\" srcset=\"https:\/\/wgphoto.pl\/t\/wp-content\/uploads\/2025\/02\/imgp6763.jpg 1300w, https:\/\/wgphoto.pl\/t\/wp-content\/uploads\/2025\/02\/imgp6763-300x201.jpg 300w, https:\/\/wgphoto.pl\/t\/wp-content\/uploads\/2025\/02\/imgp6763-768x514.jpg 768w\" sizes=\"auto, (max-width: 1300px) 100vw, 1300px\" \/><\/figure>\n\n\n\n<div class=\"wp-block-group has-global-padding is-layout-constrained wp-block-group-is-layout-constrained\">\n<p>Wagon MP118 podstawia si\u0119 na przystanek F\u00f3rum Maia, b\u0119d\u0105cy pocz\u0105tkowym dla po\u0142owy kurs\u00f3w linii C. Zmiana kierunku jazdy oraz kr\u00f3tki post\u00f3j odbywaj\u0105 si\u0119 na torze szlakowym. Jedynym elementem infrastruktury, przystosowuj\u0105cym to miejsce do takich operacji jest istnienie przej\u015bcia torowego. Warto zwr\u00f3ci\u0107 uwag\u0119 na ograniczenie pr\u0119dko\u015bci na najazdowej zwrotnicy w lewym torze. 02.09.2010<\/p>\n<\/div>\n","protected":false},"excerpt":{"rendered":"<p>Wagon MP118 podstawia si\u0119 na przystanek F\u00f3rum Maia, b\u0119d\u0105cy pocz\u0105tkowym dla po\u0142owy kurs\u00f3w linii C. Zmiana kierunku jazdy oraz kr\u00f3tki post\u00f3j odbywaj\u0105 si\u0119 na torze szlakowym. Jedynym elementem infrastruktury, przystosowuj\u0105cym to miejsce do takich operacji jest istnienie przej\u015bcia torowego. Warto zwr\u00f3ci\u0107 uwag\u0119 na ograniczenie pr\u0119dko\u015bci na najazdowej zwrotnicy w lewym torze. 02.09.2010<\/p>\n","protected":false},"author":1,"featured_media":12687,"comment_status":"open","ping_status":"","sticky":false,"template":"","format":"standard","meta":{"footnotes":""},"categories":[4,86,3],"tags":[1198,683,239,504,503,297],"class_list":["post-12686","post","type-post","status-publish","format-standard","has-post-thumbnail","hentry","category-metro","category-rok-2010","category-tramwaj","tag-2010-09-02","tag-bombardier-flexity-swift","tag-deptak","tag-metro-do-porto","tag-porto","tag-portugalia"],"_links":{"self":[{"href":"https:\/\/wgphoto.pl\/t\/index.php?rest_route=\/wp\/v2\/posts\/12686","targetHints":{"allow":["GET"]}}],"collection":[{"href":"https:\/\/wgphoto.pl\/t\/index.php?rest_route=\/wp\/v2\/posts"}],"about":[{"href":"https:\/\/wgphoto.pl\/t\/index.php?rest_route=\/wp\/v2\/types\/post"}],"author":[{"embeddable":true,"href":"https:\/\/wgphoto.pl\/t\/index.php?rest_route=\/wp\/v2\/users\/1"}],"replies":[{"embeddable":true,"href":"https:\/\/wgphoto.pl\/t\/index.php?rest_route=%2Fwp%2Fv2%2Fcomments&post=12686"}],"version-history":[{"count":1,"href":"https:\/\/wgphoto.pl\/t\/index.php?rest_route=\/wp\/v2\/posts\/12686\/revisions"}],"predecessor-version":[{"id":12688,"href":"https:\/\/wgphoto.pl\/t\/index.php?rest_route=\/wp\/v2\/posts\/12686\/revisions\/12688"}],"wp:featuredmedia":[{"embeddable":true,"href":"https:\/\/wgphoto.pl\/t\/index.php?rest_route=\/wp\/v2\/media\/12687"}],"wp:attachment":[{"href":"https:\/\/wgphoto.pl\/t\/index.php?rest_route=%2Fwp%2Fv2%2Fmedia&parent=12686"}],"wp:term":[{"taxonomy":"category","embeddable":true,"href":"https:\/\/wgphoto.pl\/t\/index.php?rest_route=%2Fwp%2Fv2%2Fcategories&post=12686"},{"taxonomy":"post_tag","embeddable":true,"href":"https:\/\/wgphoto.pl\/t\/index.php?rest_route=%2Fwp%2Fv2%2Ftags&post=12686"}],"curies":[{"name":"wp","href":"https:\/\/api.w.org\/{rel}","templated":true}]}}