{"id":12689,"date":"2025-02-22T19:18:25","date_gmt":"2025-02-22T18:18:25","guid":{"rendered":"https:\/\/wgphoto.pl\/t\/?p=12689"},"modified":"2025-02-22T19:18:25","modified_gmt":"2025-02-22T18:18:25","slug":"aeroporto","status":"publish","type":"post","link":"https:\/\/wgphoto.pl\/t\/?p=12689","title":{"rendered":"Aeroporto"},"content":{"rendered":"\n<figure class=\"wp-block-image aligncenter size-full\"><img loading=\"lazy\" decoding=\"async\" width=\"1024\" height=\"680\" src=\"https:\/\/wgphoto.pl\/t\/wp-content\/uploads\/2025\/02\/imgp6760.jpg\" alt=\"\" class=\"wp-image-12690\" srcset=\"https:\/\/wgphoto.pl\/t\/wp-content\/uploads\/2025\/02\/imgp6760.jpg 1024w, https:\/\/wgphoto.pl\/t\/wp-content\/uploads\/2025\/02\/imgp6760-300x199.jpg 300w, https:\/\/wgphoto.pl\/t\/wp-content\/uploads\/2025\/02\/imgp6760-768x510.jpg 768w\" sizes=\"auto, (max-width: 1024px) 100vw, 1024px\" \/><\/figure>\n\n\n\n<div class=\"wp-block-group has-global-padding is-layout-constrained wp-block-group-is-layout-constrained\">\n<p>MP044 oczekuje na pasa\u017cer\u00f3w na pocz\u0105tkowym przystanku linii E, zlokalizowanym w bezpo\u015brednim s\u0105siedztwie lotniskowego terminala. Porto nale\u017cy do grona tych sympatycznych miast, gdzie na lotnisko mo\u017cna si\u0119 dosta\u0107 normalnym \u015brodkiem transportu. 02.09.2010<\/p>\n<\/div>\n","protected":false},"excerpt":{"rendered":"<p>MP044 oczekuje na pasa\u017cer\u00f3w na pocz\u0105tkowym przystanku linii E, zlokalizowanym w bezpo\u015brednim s\u0105siedztwie lotniskowego terminala. Porto nale\u017cy do grona tych sympatycznych miast, gdzie na lotnisko mo\u017cna si\u0119 dosta\u0107 normalnym \u015brodkiem transportu. 02.09.2010<\/p>\n","protected":false},"author":1,"featured_media":12690,"comment_status":"open","ping_status":"","sticky":false,"template":"","format":"standard","meta":{"footnotes":""},"categories":[4,86,3],"tags":[1198,502,179,504,503,297],"class_list":["post-12689","post","type-post","status-publish","format-standard","has-post-thumbnail","hentry","category-metro","category-rok-2010","category-tramwaj","tag-2010-09-02","tag-eurotram","tag-hala-peronowa","tag-metro-do-porto","tag-porto","tag-portugalia"],"_links":{"self":[{"href":"https:\/\/wgphoto.pl\/t\/index.php?rest_route=\/wp\/v2\/posts\/12689","targetHints":{"allow":["GET"]}}],"collection":[{"href":"https:\/\/wgphoto.pl\/t\/index.php?rest_route=\/wp\/v2\/posts"}],"about":[{"href":"https:\/\/wgphoto.pl\/t\/index.php?rest_route=\/wp\/v2\/types\/post"}],"author":[{"embeddable":true,"href":"https:\/\/wgphoto.pl\/t\/index.php?rest_route=\/wp\/v2\/users\/1"}],"replies":[{"embeddable":true,"href":"https:\/\/wgphoto.pl\/t\/index.php?rest_route=%2Fwp%2Fv2%2Fcomments&post=12689"}],"version-history":[{"count":1,"href":"https:\/\/wgphoto.pl\/t\/index.php?rest_route=\/wp\/v2\/posts\/12689\/revisions"}],"predecessor-version":[{"id":12691,"href":"https:\/\/wgphoto.pl\/t\/index.php?rest_route=\/wp\/v2\/posts\/12689\/revisions\/12691"}],"wp:featuredmedia":[{"embeddable":true,"href":"https:\/\/wgphoto.pl\/t\/index.php?rest_route=\/wp\/v2\/media\/12690"}],"wp:attachment":[{"href":"https:\/\/wgphoto.pl\/t\/index.php?rest_route=%2Fwp%2Fv2%2Fmedia&parent=12689"}],"wp:term":[{"taxonomy":"category","embeddable":true,"href":"https:\/\/wgphoto.pl\/t\/index.php?rest_route=%2Fwp%2Fv2%2Fcategories&post=12689"},{"taxonomy":"post_tag","embeddable":true,"href":"https:\/\/wgphoto.pl\/t\/index.php?rest_route=%2Fwp%2Fv2%2Ftags&post=12689"}],"curies":[{"name":"wp","href":"https:\/\/api.w.org\/{rel}","templated":true}]}}