{"id":12692,"date":"2025-02-22T19:19:34","date_gmt":"2025-02-22T18:19:34","guid":{"rendered":"https:\/\/wgphoto.pl\/t\/?p=12692"},"modified":"2025-02-22T19:19:34","modified_gmt":"2025-02-22T18:19:34","slug":"norrkoping-w-sztokholmie","status":"publish","type":"post","link":"https:\/\/wgphoto.pl\/t\/?p=12692","title":{"rendered":"Norrk\u00f6ping w Sztokholmie"},"content":{"rendered":"\n<figure class=\"wp-block-image aligncenter size-full\"><img loading=\"lazy\" decoding=\"async\" width=\"1023\" height=\"685\" src=\"https:\/\/wgphoto.pl\/t\/wp-content\/uploads\/2025\/02\/imgp6094.jpg\" alt=\"\" class=\"wp-image-12693\" srcset=\"https:\/\/wgphoto.pl\/t\/wp-content\/uploads\/2025\/02\/imgp6094.jpg 1023w, https:\/\/wgphoto.pl\/t\/wp-content\/uploads\/2025\/02\/imgp6094-300x201.jpg 300w, https:\/\/wgphoto.pl\/t\/wp-content\/uploads\/2025\/02\/imgp6094-768x514.jpg 768w\" sizes=\"auto, (max-width: 1023px) 100vw, 1023px\" \/><\/figure>\n\n\n\n<div class=\"wp-block-group has-global-padding is-layout-constrained wp-block-group-is-layout-constrained\">\n<p>Sztokholm, Strandv\u00e4gen. Wypo\u017cyczony z Norrk\u00f6ping wagon o numerze 34 obs\u0142uguje czternast\u0105 brygad\u0119 (wedle tabliczki; w rzeczywisto\u015bci b\u0119dzie to pewnie br. 4) jedynej linii tramwaju klasycznego w Sztokholmie. 2011-12-06<\/p>\n<\/div>\n","protected":false},"excerpt":{"rendered":"<p>Sztokholm, Strandv\u00e4gen. Wypo\u017cyczony z Norrk\u00f6ping wagon o numerze 34 obs\u0142uguje czternast\u0105 brygad\u0119 (wedle tabliczki; w rzeczywisto\u015bci b\u0119dzie to pewnie br. 4) jedynej linii tramwaju klasycznego w Sztokholmie. 2011-12-06<\/p>\n","protected":false},"author":1,"featured_media":12693,"comment_status":"open","ping_status":"","sticky":false,"template":"","format":"standard","meta":{"footnotes":""},"categories":[77,3],"tags":[1786,1126,682,686,685],"class_list":["post-12692","post","type-post","status-publish","format-standard","has-post-thumbnail","hentry","category-rok-2011","category-tramwaj","tag-2011-12-06","tag-bombardier-flexity-classic","tag-sl-stockholm","tag-sztokholm","tag-szwecja"],"_links":{"self":[{"href":"https:\/\/wgphoto.pl\/t\/index.php?rest_route=\/wp\/v2\/posts\/12692","targetHints":{"allow":["GET"]}}],"collection":[{"href":"https:\/\/wgphoto.pl\/t\/index.php?rest_route=\/wp\/v2\/posts"}],"about":[{"href":"https:\/\/wgphoto.pl\/t\/index.php?rest_route=\/wp\/v2\/types\/post"}],"author":[{"embeddable":true,"href":"https:\/\/wgphoto.pl\/t\/index.php?rest_route=\/wp\/v2\/users\/1"}],"replies":[{"embeddable":true,"href":"https:\/\/wgphoto.pl\/t\/index.php?rest_route=%2Fwp%2Fv2%2Fcomments&post=12692"}],"version-history":[{"count":1,"href":"https:\/\/wgphoto.pl\/t\/index.php?rest_route=\/wp\/v2\/posts\/12692\/revisions"}],"predecessor-version":[{"id":12694,"href":"https:\/\/wgphoto.pl\/t\/index.php?rest_route=\/wp\/v2\/posts\/12692\/revisions\/12694"}],"wp:featuredmedia":[{"embeddable":true,"href":"https:\/\/wgphoto.pl\/t\/index.php?rest_route=\/wp\/v2\/media\/12693"}],"wp:attachment":[{"href":"https:\/\/wgphoto.pl\/t\/index.php?rest_route=%2Fwp%2Fv2%2Fmedia&parent=12692"}],"wp:term":[{"taxonomy":"category","embeddable":true,"href":"https:\/\/wgphoto.pl\/t\/index.php?rest_route=%2Fwp%2Fv2%2Fcategories&post=12692"},{"taxonomy":"post_tag","embeddable":true,"href":"https:\/\/wgphoto.pl\/t\/index.php?rest_route=%2Fwp%2Fv2%2Ftags&post=12692"}],"curies":[{"name":"wp","href":"https:\/\/api.w.org\/{rel}","templated":true}]}}