{"id":12695,"date":"2025-02-22T19:21:00","date_gmt":"2025-02-22T18:21:00","guid":{"rendered":"https:\/\/wgphoto.pl\/t\/?p=12695"},"modified":"2025-02-22T19:21:00","modified_gmt":"2025-02-22T18:21:00","slug":"alviks-strand","status":"publish","type":"post","link":"https:\/\/wgphoto.pl\/t\/?p=12695","title":{"rendered":"Alviks strand"},"content":{"rendered":"\n<figure class=\"wp-block-image aligncenter size-full\"><img loading=\"lazy\" decoding=\"async\" width=\"1200\" height=\"803\" src=\"https:\/\/wgphoto.pl\/t\/wp-content\/uploads\/2025\/02\/imgp5661-11.jpg\" alt=\"\" class=\"wp-image-12696\" srcset=\"https:\/\/wgphoto.pl\/t\/wp-content\/uploads\/2025\/02\/imgp5661-11.jpg 1200w, https:\/\/wgphoto.pl\/t\/wp-content\/uploads\/2025\/02\/imgp5661-11-300x201.jpg 300w, https:\/\/wgphoto.pl\/t\/wp-content\/uploads\/2025\/02\/imgp5661-11-768x514.jpg 768w\" sizes=\"auto, (max-width: 1200px) 100vw, 1200px\" \/><\/figure>\n\n\n\n<div class=\"wp-block-group has-global-padding is-layout-constrained wp-block-group-is-layout-constrained\">\n<p>Tv\u00e4rbanan wynurzy\u0142 si\u0119 z tunelu i zatrzymuje si\u0119 na \u00f3wcze\u015bnie pierwszym przystanku w zachodniej cz\u0119\u015bci trasy. 2011-12-07<\/p>\n<\/div>\n","protected":false},"excerpt":{"rendered":"<p>Tv\u00e4rbanan wynurzy\u0142 si\u0119 z tunelu i zatrzymuje si\u0119 na \u00f3wcze\u015bnie pierwszym przystanku w zachodniej cz\u0119\u015bci trasy. 2011-12-07<\/p>\n","protected":false},"author":1,"featured_media":12696,"comment_status":"open","ping_status":"","sticky":false,"template":"","format":"standard","meta":{"footnotes":""},"categories":[77,3],"tags":[1128,683,143,682,686,685,15,688],"class_list":["post-12695","post","type-post","status-publish","format-standard","has-post-thumbnail","hentry","category-rok-2011","category-tramwaj","tag-2011-12-07","tag-bombardier-flexity-swift","tag-ponad-30m","tag-sl-stockholm","tag-sztokholm","tag-szwecja","tag-tunel","tag-tvarbanan"],"_links":{"self":[{"href":"https:\/\/wgphoto.pl\/t\/index.php?rest_route=\/wp\/v2\/posts\/12695","targetHints":{"allow":["GET"]}}],"collection":[{"href":"https:\/\/wgphoto.pl\/t\/index.php?rest_route=\/wp\/v2\/posts"}],"about":[{"href":"https:\/\/wgphoto.pl\/t\/index.php?rest_route=\/wp\/v2\/types\/post"}],"author":[{"embeddable":true,"href":"https:\/\/wgphoto.pl\/t\/index.php?rest_route=\/wp\/v2\/users\/1"}],"replies":[{"embeddable":true,"href":"https:\/\/wgphoto.pl\/t\/index.php?rest_route=%2Fwp%2Fv2%2Fcomments&post=12695"}],"version-history":[{"count":1,"href":"https:\/\/wgphoto.pl\/t\/index.php?rest_route=\/wp\/v2\/posts\/12695\/revisions"}],"predecessor-version":[{"id":12697,"href":"https:\/\/wgphoto.pl\/t\/index.php?rest_route=\/wp\/v2\/posts\/12695\/revisions\/12697"}],"wp:featuredmedia":[{"embeddable":true,"href":"https:\/\/wgphoto.pl\/t\/index.php?rest_route=\/wp\/v2\/media\/12696"}],"wp:attachment":[{"href":"https:\/\/wgphoto.pl\/t\/index.php?rest_route=%2Fwp%2Fv2%2Fmedia&parent=12695"}],"wp:term":[{"taxonomy":"category","embeddable":true,"href":"https:\/\/wgphoto.pl\/t\/index.php?rest_route=%2Fwp%2Fv2%2Fcategories&post=12695"},{"taxonomy":"post_tag","embeddable":true,"href":"https:\/\/wgphoto.pl\/t\/index.php?rest_route=%2Fwp%2Fv2%2Ftags&post=12695"}],"curies":[{"name":"wp","href":"https:\/\/api.w.org\/{rel}","templated":true}]}}