{"id":12728,"date":"2025-02-23T11:37:30","date_gmt":"2025-02-23T10:37:30","guid":{"rendered":"https:\/\/wgphoto.pl\/t\/?p=12728"},"modified":"2025-02-23T11:37:30","modified_gmt":"2025-02-23T10:37:30","slug":"tor-17","status":"publish","type":"post","link":"https:\/\/wgphoto.pl\/t\/?p=12728","title":{"rendered":"Tor 17"},"content":{"rendered":"\n<figure class=\"wp-block-image aligncenter size-full\"><img loading=\"lazy\" decoding=\"async\" width=\"1024\" height=\"683\" src=\"https:\/\/wgphoto.pl\/t\/wp-content\/uploads\/2025\/02\/imgp8073.jpg\" alt=\"\" class=\"wp-image-12729\" srcset=\"https:\/\/wgphoto.pl\/t\/wp-content\/uploads\/2025\/02\/imgp8073.jpg 1024w, https:\/\/wgphoto.pl\/t\/wp-content\/uploads\/2025\/02\/imgp8073-300x200.jpg 300w, https:\/\/wgphoto.pl\/t\/wp-content\/uploads\/2025\/02\/imgp8073-768x512.jpg 768w\" sizes=\"auto, (max-width: 1024px) 100vw, 1024px\" \/><\/figure>\n\n\n\n<div class=\"wp-block-group has-global-padding is-layout-constrained wp-block-group-is-layout-constrained\">\n<p>Wroc\u0142aw, zajezdnia Borek. Tor 17, po\u0142o\u017cony &#8222;w krzakach&#8221;, tj. najdalej od dyspozytorni, do 2011 roku by\u0142 zastawiony zabytkowymi wrakami. Wagonom liniowym zacz\u0105\u0142 s\u0142u\u017cy\u0107 wraz z przybywaniem kolejnych \u0161k\u00f3d 19T oraz kurczeniem si\u0119 wolnych przestrzeni na terenie zak\u0142adu. Na siedemnastym stawiane s\u0105 wy\u0142\u0105cznie wagony typu 16T i 19T (najcz\u0119\u015bciej szczytowe brygady 33PLUS), poniewa\u017c wyjazd z tego toru wymaga cofania (oraz straty mn\u00f3stwa czasu, a OC trwa tylko 10 minut\u2026). Z racji tego, \u017ce tor 17 zabiera kilka metr\u00f3w z u\u017cytecznej d\u0142ugo\u015bci s\u0105siedniego toru 16, zdarza\u0142y si\u0119 oczywi\u015bcie przypadki zablokowania wyjazdu przez ostatni tramwaj z rz\u0105dka na szesnastym. 18.05.2012<\/p>\n<\/div>\n","protected":false},"excerpt":{"rendered":"<p>Wroc\u0142aw, zajezdnia Borek. Tor 17, po\u0142o\u017cony &#8222;w krzakach&#8221;, tj. najdalej od dyspozytorni, do 2011 roku by\u0142 zastawiony zabytkowymi wrakami. Wagonom liniowym zacz\u0105\u0142 s\u0142u\u017cy\u0107 wraz z przybywaniem kolejnych \u0161k\u00f3d 19T oraz kurczeniem si\u0119 wolnych przestrzeni na terenie zak\u0142adu. Na siedemnastym stawiane s\u0105 wy\u0142\u0105cznie wagony typu 16T i 19T (najcz\u0119\u015bciej szczytowe brygady 33PLUS), poniewa\u017c wyjazd z tego [&hellip;]<\/p>\n","protected":false},"author":1,"featured_media":12729,"comment_status":"open","ping_status":"","sticky":false,"template":"","format":"standard","meta":{"footnotes":""},"categories":[46,3],"tags":[3253,42,27,176,1493,216,439,41],"class_list":["post-12728","post","type-post","status-publish","format-standard","has-post-thumbnail","hentry","category-rok-2012","category-tramwaj","tag-2012-05-18","tag-mpk-wroclaw","tag-polska","tag-rano","tag-skoda-19t","tag-skoda-elektra","tag-we-fabryce","tag-wroclaw"],"_links":{"self":[{"href":"https:\/\/wgphoto.pl\/t\/index.php?rest_route=\/wp\/v2\/posts\/12728","targetHints":{"allow":["GET"]}}],"collection":[{"href":"https:\/\/wgphoto.pl\/t\/index.php?rest_route=\/wp\/v2\/posts"}],"about":[{"href":"https:\/\/wgphoto.pl\/t\/index.php?rest_route=\/wp\/v2\/types\/post"}],"author":[{"embeddable":true,"href":"https:\/\/wgphoto.pl\/t\/index.php?rest_route=\/wp\/v2\/users\/1"}],"replies":[{"embeddable":true,"href":"https:\/\/wgphoto.pl\/t\/index.php?rest_route=%2Fwp%2Fv2%2Fcomments&post=12728"}],"version-history":[{"count":1,"href":"https:\/\/wgphoto.pl\/t\/index.php?rest_route=\/wp\/v2\/posts\/12728\/revisions"}],"predecessor-version":[{"id":12730,"href":"https:\/\/wgphoto.pl\/t\/index.php?rest_route=\/wp\/v2\/posts\/12728\/revisions\/12730"}],"wp:featuredmedia":[{"embeddable":true,"href":"https:\/\/wgphoto.pl\/t\/index.php?rest_route=\/wp\/v2\/media\/12729"}],"wp:attachment":[{"href":"https:\/\/wgphoto.pl\/t\/index.php?rest_route=%2Fwp%2Fv2%2Fmedia&parent=12728"}],"wp:term":[{"taxonomy":"category","embeddable":true,"href":"https:\/\/wgphoto.pl\/t\/index.php?rest_route=%2Fwp%2Fv2%2Fcategories&post=12728"},{"taxonomy":"post_tag","embeddable":true,"href":"https:\/\/wgphoto.pl\/t\/index.php?rest_route=%2Fwp%2Fv2%2Ftags&post=12728"}],"curies":[{"name":"wp","href":"https:\/\/api.w.org\/{rel}","templated":true}]}}