{"id":12731,"date":"2025-02-23T11:38:23","date_gmt":"2025-02-23T10:38:23","guid":{"rendered":"https:\/\/wgphoto.pl\/t\/?p=12731"},"modified":"2025-02-23T11:38:23","modified_gmt":"2025-02-23T10:38:23","slug":"tor-10","status":"publish","type":"post","link":"https:\/\/wgphoto.pl\/t\/?p=12731","title":{"rendered":"Tor 10"},"content":{"rendered":"\n<figure class=\"wp-block-image aligncenter size-full\"><img loading=\"lazy\" decoding=\"async\" width=\"1024\" height=\"685\" src=\"https:\/\/wgphoto.pl\/t\/wp-content\/uploads\/2025\/02\/imgp6770-12.jpg\" alt=\"\" class=\"wp-image-12732\" srcset=\"https:\/\/wgphoto.pl\/t\/wp-content\/uploads\/2025\/02\/imgp6770-12.jpg 1024w, https:\/\/wgphoto.pl\/t\/wp-content\/uploads\/2025\/02\/imgp6770-12-300x201.jpg 300w, https:\/\/wgphoto.pl\/t\/wp-content\/uploads\/2025\/02\/imgp6770-12-768x514.jpg 768w\" sizes=\"auto, (max-width: 1024px) 100vw, 1024px\" \/><\/figure>\n\n\n\n<div class=\"wp-block-group has-global-padding is-layout-constrained wp-block-group-is-layout-constrained\">\n<p>W pobli\u017cu toru 10 mo\u017cna poczyni\u0107 archeologiczne niemal odkrycie w postaci numer\u00f3w linii obs\u0142ugiwanych niegdy\u015b przez zajezdni\u0119 Borek. W tym miejscu sta\u0142y zapewne stojaki na tablice. Za niebiesk\u0105 os\u0142on\u0105 kabla widniej\u0105 jeszcze numery 31 i 36, nie ma tam jednak linii 33, do obs\u0142ugi kt\u00f3rej za chwil\u0119 wyjedzie wagon 3127. 29.02.2012<\/p>\n<\/div>\n","protected":false},"excerpt":{"rendered":"<p>W pobli\u017cu toru 10 mo\u017cna poczyni\u0107 archeologiczne niemal odkrycie w postaci numer\u00f3w linii obs\u0142ugiwanych niegdy\u015b przez zajezdni\u0119 Borek. W tym miejscu sta\u0142y zapewne stojaki na tablice. Za niebiesk\u0105 os\u0142on\u0105 kabla widniej\u0105 jeszcze numery 31 i 36, nie ma tam jednak linii 33, do obs\u0142ugi kt\u00f3rej za chwil\u0119 wyjedzie wagon 3127. 29.02.2012<\/p>\n","protected":false},"author":1,"featured_media":12732,"comment_status":"open","ping_status":"","sticky":false,"template":"","format":"standard","meta":{"footnotes":""},"categories":[46,3],"tags":[3254,42,154,27,1493,216,439,41],"class_list":["post-12731","post","type-post","status-publish","format-standard","has-post-thumbnail","hentry","category-rok-2012","category-tramwaj","tag-2012-02-29","tag-mpk-wroclaw","tag-noc","tag-polska","tag-skoda-19t","tag-skoda-elektra","tag-we-fabryce","tag-wroclaw"],"_links":{"self":[{"href":"https:\/\/wgphoto.pl\/t\/index.php?rest_route=\/wp\/v2\/posts\/12731","targetHints":{"allow":["GET"]}}],"collection":[{"href":"https:\/\/wgphoto.pl\/t\/index.php?rest_route=\/wp\/v2\/posts"}],"about":[{"href":"https:\/\/wgphoto.pl\/t\/index.php?rest_route=\/wp\/v2\/types\/post"}],"author":[{"embeddable":true,"href":"https:\/\/wgphoto.pl\/t\/index.php?rest_route=\/wp\/v2\/users\/1"}],"replies":[{"embeddable":true,"href":"https:\/\/wgphoto.pl\/t\/index.php?rest_route=%2Fwp%2Fv2%2Fcomments&post=12731"}],"version-history":[{"count":1,"href":"https:\/\/wgphoto.pl\/t\/index.php?rest_route=\/wp\/v2\/posts\/12731\/revisions"}],"predecessor-version":[{"id":12733,"href":"https:\/\/wgphoto.pl\/t\/index.php?rest_route=\/wp\/v2\/posts\/12731\/revisions\/12733"}],"wp:featuredmedia":[{"embeddable":true,"href":"https:\/\/wgphoto.pl\/t\/index.php?rest_route=\/wp\/v2\/media\/12732"}],"wp:attachment":[{"href":"https:\/\/wgphoto.pl\/t\/index.php?rest_route=%2Fwp%2Fv2%2Fmedia&parent=12731"}],"wp:term":[{"taxonomy":"category","embeddable":true,"href":"https:\/\/wgphoto.pl\/t\/index.php?rest_route=%2Fwp%2Fv2%2Fcategories&post=12731"},{"taxonomy":"post_tag","embeddable":true,"href":"https:\/\/wgphoto.pl\/t\/index.php?rest_route=%2Fwp%2Fv2%2Ftags&post=12731"}],"curies":[{"name":"wp","href":"https:\/\/api.w.org\/{rel}","templated":true}]}}