{"id":12740,"date":"2025-02-23T11:41:11","date_gmt":"2025-02-23T10:41:11","guid":{"rendered":"https:\/\/wgphoto.pl\/t\/?p=12740"},"modified":"2025-02-23T11:41:11","modified_gmt":"2025-02-23T10:41:11","slug":"panelak","status":"publish","type":"post","link":"https:\/\/wgphoto.pl\/t\/?p=12740","title":{"rendered":"Panel\u00e1k"},"content":{"rendered":"\n<figure class=\"wp-block-image aligncenter size-full\"><img loading=\"lazy\" decoding=\"async\" width=\"1024\" height=\"681\" src=\"https:\/\/wgphoto.pl\/t\/wp-content\/uploads\/2025\/02\/imgp8822.jpg\" alt=\"\" class=\"wp-image-12741\" srcset=\"https:\/\/wgphoto.pl\/t\/wp-content\/uploads\/2025\/02\/imgp8822.jpg 1024w, https:\/\/wgphoto.pl\/t\/wp-content\/uploads\/2025\/02\/imgp8822-300x200.jpg 300w, https:\/\/wgphoto.pl\/t\/wp-content\/uploads\/2025\/02\/imgp8822-768x511.jpg 768w\" sizes=\"auto, (max-width: 1024px) 100vw, 1024px\" \/><\/figure>\n\n\n\n<div class=\"wp-block-group has-global-padding is-layout-constrained wp-block-group-is-layout-constrained\">\n<p>Jak to w Czechach bywa, nawet i w niewielkiej miejscowo\u015bci musi wyrosn\u0105\u0107 jaki\u015b blok (czes. panel\u00e1k). Taki te\u017c obiekt g\u00f3ruje nad stacj\u0105 T\u0159emo\u0161nice. 20.06.2012<\/p>\n<\/div>\n","protected":false},"excerpt":{"rendered":"<p>Jak to w Czechach bywa, nawet i w niewielkiej miejscowo\u015bci musi wyrosn\u0105\u0107 jaki\u015b blok (czes. panel\u00e1k). Taki te\u017c obiekt g\u00f3ruje nad stacj\u0105 T\u0159emo\u0161nice. 20.06.2012<\/p>\n","protected":false},"author":1,"featured_media":12741,"comment_status":"open","ping_status":"","sticky":false,"template":"","format":"standard","meta":{"footnotes":""},"categories":[2,46],"tags":[1733,92,50,49,94,1734,3255],"class_list":["post-12740","post","type-post","status-publish","format-standard","has-post-thumbnail","hentry","category-kolej","category-rok-2012","tag-2012-06-20","tag-92","tag-cd","tag-czechy","tag-na-kolejowym-koncu-swiata","tag-tab-cz236","tag-tremosnice"],"_links":{"self":[{"href":"https:\/\/wgphoto.pl\/t\/index.php?rest_route=\/wp\/v2\/posts\/12740","targetHints":{"allow":["GET"]}}],"collection":[{"href":"https:\/\/wgphoto.pl\/t\/index.php?rest_route=\/wp\/v2\/posts"}],"about":[{"href":"https:\/\/wgphoto.pl\/t\/index.php?rest_route=\/wp\/v2\/types\/post"}],"author":[{"embeddable":true,"href":"https:\/\/wgphoto.pl\/t\/index.php?rest_route=\/wp\/v2\/users\/1"}],"replies":[{"embeddable":true,"href":"https:\/\/wgphoto.pl\/t\/index.php?rest_route=%2Fwp%2Fv2%2Fcomments&post=12740"}],"version-history":[{"count":1,"href":"https:\/\/wgphoto.pl\/t\/index.php?rest_route=\/wp\/v2\/posts\/12740\/revisions"}],"predecessor-version":[{"id":12742,"href":"https:\/\/wgphoto.pl\/t\/index.php?rest_route=\/wp\/v2\/posts\/12740\/revisions\/12742"}],"wp:featuredmedia":[{"embeddable":true,"href":"https:\/\/wgphoto.pl\/t\/index.php?rest_route=\/wp\/v2\/media\/12741"}],"wp:attachment":[{"href":"https:\/\/wgphoto.pl\/t\/index.php?rest_route=%2Fwp%2Fv2%2Fmedia&parent=12740"}],"wp:term":[{"taxonomy":"category","embeddable":true,"href":"https:\/\/wgphoto.pl\/t\/index.php?rest_route=%2Fwp%2Fv2%2Fcategories&post=12740"},{"taxonomy":"post_tag","embeddable":true,"href":"https:\/\/wgphoto.pl\/t\/index.php?rest_route=%2Fwp%2Fv2%2Ftags&post=12740"}],"curies":[{"name":"wp","href":"https:\/\/api.w.org\/{rel}","templated":true}]}}