{"id":12743,"date":"2025-02-23T11:41:58","date_gmt":"2025-02-23T10:41:58","guid":{"rendered":"https:\/\/wgphoto.pl\/t\/?p=12743"},"modified":"2025-02-23T11:41:58","modified_gmt":"2025-02-23T10:41:58","slug":"gorska-przeszkoda","status":"publish","type":"post","link":"https:\/\/wgphoto.pl\/t\/?p=12743","title":{"rendered":"G\u00f3rska przeszkoda"},"content":{"rendered":"\n<figure class=\"wp-block-image aligncenter size-full\"><img loading=\"lazy\" decoding=\"async\" width=\"1023\" height=\"685\" src=\"https:\/\/wgphoto.pl\/t\/wp-content\/uploads\/2025\/02\/imgp8826.jpg\" alt=\"\" class=\"wp-image-12744\" srcset=\"https:\/\/wgphoto.pl\/t\/wp-content\/uploads\/2025\/02\/imgp8826.jpg 1023w, https:\/\/wgphoto.pl\/t\/wp-content\/uploads\/2025\/02\/imgp8826-300x201.jpg 300w, https:\/\/wgphoto.pl\/t\/wp-content\/uploads\/2025\/02\/imgp8826-768x514.jpg 768w\" sizes=\"auto, (max-width: 1023px) 100vw, 1023px\" \/><\/figure>\n\n\n\n<div class=\"wp-block-group has-global-padding is-layout-constrained wp-block-group-is-layout-constrained\">\n<p>T\u0159emo\u0161nice z widokiem na ostatnie metry tor\u00f3w. Prawdopodobn\u0105 przyczyn\u0105 zako\u0144czenia linii kolejowej z \u010c\u00e1slavi w\u0142a\u015bnie tutaj i nie doci\u0105gni\u0119cia jej do oddalonych o 6 km Prachovic jest pasmo G\u00f3r \u017belaznych. Linia kolejowa \u0142\u0105cz\u0105ca obie stacje musia\u0142aby pokona\u0107 przewy\u017cszenie rz\u0119du 150 metr\u00f3w. 20.06.2012<\/p>\n<\/div>\n","protected":false},"excerpt":{"rendered":"<p>T\u0159emo\u0161nice z widokiem na ostatnie metry tor\u00f3w. Prawdopodobn\u0105 przyczyn\u0105 zako\u0144czenia linii kolejowej z \u010c\u00e1slavi w\u0142a\u015bnie tutaj i nie doci\u0105gni\u0119cia jej do oddalonych o 6 km Prachovic jest pasmo G\u00f3r \u017belaznych. Linia kolejowa \u0142\u0105cz\u0105ca obie stacje musia\u0142aby pokona\u0107 przewy\u017cszenie rz\u0119du 150 metr\u00f3w. 20.06.2012<\/p>\n","protected":false},"author":1,"featured_media":12744,"comment_status":"open","ping_status":"","sticky":false,"template":"","format":"standard","meta":{"footnotes":""},"categories":[2,46],"tags":[1733,92,50,49,94,1734,3255],"class_list":["post-12743","post","type-post","status-publish","format-standard","has-post-thumbnail","hentry","category-kolej","category-rok-2012","tag-2012-06-20","tag-92","tag-cd","tag-czechy","tag-na-kolejowym-koncu-swiata","tag-tab-cz236","tag-tremosnice"],"_links":{"self":[{"href":"https:\/\/wgphoto.pl\/t\/index.php?rest_route=\/wp\/v2\/posts\/12743","targetHints":{"allow":["GET"]}}],"collection":[{"href":"https:\/\/wgphoto.pl\/t\/index.php?rest_route=\/wp\/v2\/posts"}],"about":[{"href":"https:\/\/wgphoto.pl\/t\/index.php?rest_route=\/wp\/v2\/types\/post"}],"author":[{"embeddable":true,"href":"https:\/\/wgphoto.pl\/t\/index.php?rest_route=\/wp\/v2\/users\/1"}],"replies":[{"embeddable":true,"href":"https:\/\/wgphoto.pl\/t\/index.php?rest_route=%2Fwp%2Fv2%2Fcomments&post=12743"}],"version-history":[{"count":1,"href":"https:\/\/wgphoto.pl\/t\/index.php?rest_route=\/wp\/v2\/posts\/12743\/revisions"}],"predecessor-version":[{"id":12745,"href":"https:\/\/wgphoto.pl\/t\/index.php?rest_route=\/wp\/v2\/posts\/12743\/revisions\/12745"}],"wp:featuredmedia":[{"embeddable":true,"href":"https:\/\/wgphoto.pl\/t\/index.php?rest_route=\/wp\/v2\/media\/12744"}],"wp:attachment":[{"href":"https:\/\/wgphoto.pl\/t\/index.php?rest_route=%2Fwp%2Fv2%2Fmedia&parent=12743"}],"wp:term":[{"taxonomy":"category","embeddable":true,"href":"https:\/\/wgphoto.pl\/t\/index.php?rest_route=%2Fwp%2Fv2%2Fcategories&post=12743"},{"taxonomy":"post_tag","embeddable":true,"href":"https:\/\/wgphoto.pl\/t\/index.php?rest_route=%2Fwp%2Fv2%2Ftags&post=12743"}],"curies":[{"name":"wp","href":"https:\/\/api.w.org\/{rel}","templated":true}]}}