{"id":12746,"date":"2025-02-23T11:42:49","date_gmt":"2025-02-23T10:42:49","guid":{"rendered":"https:\/\/wgphoto.pl\/t\/?p=12746"},"modified":"2025-02-23T11:42:49","modified_gmt":"2025-02-23T10:42:49","slug":"tremosnice","status":"publish","type":"post","link":"https:\/\/wgphoto.pl\/t\/?p=12746","title":{"rendered":"T\u0159emo\u0161nice"},"content":{"rendered":"\n<figure class=\"wp-block-image aligncenter size-full\"><img loading=\"lazy\" decoding=\"async\" width=\"1024\" height=\"686\" src=\"https:\/\/wgphoto.pl\/t\/wp-content\/uploads\/2025\/02\/imgp8829.jpg\" alt=\"\" class=\"wp-image-12747\" srcset=\"https:\/\/wgphoto.pl\/t\/wp-content\/uploads\/2025\/02\/imgp8829.jpg 1024w, https:\/\/wgphoto.pl\/t\/wp-content\/uploads\/2025\/02\/imgp8829-300x201.jpg 300w, https:\/\/wgphoto.pl\/t\/wp-content\/uploads\/2025\/02\/imgp8829-768x515.jpg 768w\" sizes=\"auto, (max-width: 1024px) 100vw, 1024px\" \/><\/figure>\n\n\n\n<div class=\"wp-block-group has-global-padding is-layout-constrained wp-block-group-is-layout-constrained\">\n<p>810 635-3 za kilkana\u015bcie minut odjedzie z T\u0159emo\u0161nic jako poci\u0105g 15926 do \u010c\u00e1slavi. Bior\u0105c pod uwag\u0119 cz\u0119sto\u015b\u0107 wyst\u0119powania w Czechach budynk\u00f3w stacyjnych &#8222;z katalogu&#8221;, odnotowa\u0107 nale\u017cy odmienno\u015b\u0107 architektoniczn\u0105 obiektu znajduj\u0105cego si\u0119 na tutejszej stacji. Musz\u0119 tak\u017ce odnotowa\u0107, \u017ce kierownik poci\u0105gu widoczny pod wiat\u0105 by\u0142 pierwszym napotkanym przeze mnie pracownikiem \u010cD, nie znaj\u0105cym oferty biletowej swojego pracodawcy i tym samym podwa\u017caj\u0105cym wa\u017cno\u015b\u0107 pardubickiego \u010cD-Neta na odcinku od le\u017c\u0105cej w woj. \u015arodkowoczeskim \u010c\u00e1slavi do granicy wojew\u00f3dztw. 20.06.2012<\/p>\n<\/div>\n","protected":false},"excerpt":{"rendered":"<p>810 635-3 za kilkana\u015bcie minut odjedzie z T\u0159emo\u0161nic jako poci\u0105g 15926 do \u010c\u00e1slavi. Bior\u0105c pod uwag\u0119 cz\u0119sto\u015b\u0107 wyst\u0119powania w Czechach budynk\u00f3w stacyjnych &#8222;z katalogu&#8221;, odnotowa\u0107 nale\u017cy odmienno\u015b\u0107 architektoniczn\u0105 obiektu znajduj\u0105cego si\u0119 na tutejszej stacji. Musz\u0119 tak\u017ce odnotowa\u0107, \u017ce kierownik poci\u0105gu widoczny pod wiat\u0105 by\u0142 pierwszym napotkanym przeze mnie pracownikiem \u010cD, nie znaj\u0105cym oferty biletowej swojego [&hellip;]<\/p>\n","protected":false},"author":1,"featured_media":12747,"comment_status":"open","ping_status":"","sticky":false,"template":"","format":"standard","meta":{"footnotes":""},"categories":[2,46],"tags":[1733,92,50,49,94,1734,3255],"class_list":["post-12746","post","type-post","status-publish","format-standard","has-post-thumbnail","hentry","category-kolej","category-rok-2012","tag-2012-06-20","tag-92","tag-cd","tag-czechy","tag-na-kolejowym-koncu-swiata","tag-tab-cz236","tag-tremosnice"],"_links":{"self":[{"href":"https:\/\/wgphoto.pl\/t\/index.php?rest_route=\/wp\/v2\/posts\/12746","targetHints":{"allow":["GET"]}}],"collection":[{"href":"https:\/\/wgphoto.pl\/t\/index.php?rest_route=\/wp\/v2\/posts"}],"about":[{"href":"https:\/\/wgphoto.pl\/t\/index.php?rest_route=\/wp\/v2\/types\/post"}],"author":[{"embeddable":true,"href":"https:\/\/wgphoto.pl\/t\/index.php?rest_route=\/wp\/v2\/users\/1"}],"replies":[{"embeddable":true,"href":"https:\/\/wgphoto.pl\/t\/index.php?rest_route=%2Fwp%2Fv2%2Fcomments&post=12746"}],"version-history":[{"count":1,"href":"https:\/\/wgphoto.pl\/t\/index.php?rest_route=\/wp\/v2\/posts\/12746\/revisions"}],"predecessor-version":[{"id":12748,"href":"https:\/\/wgphoto.pl\/t\/index.php?rest_route=\/wp\/v2\/posts\/12746\/revisions\/12748"}],"wp:featuredmedia":[{"embeddable":true,"href":"https:\/\/wgphoto.pl\/t\/index.php?rest_route=\/wp\/v2\/media\/12747"}],"wp:attachment":[{"href":"https:\/\/wgphoto.pl\/t\/index.php?rest_route=%2Fwp%2Fv2%2Fmedia&parent=12746"}],"wp:term":[{"taxonomy":"category","embeddable":true,"href":"https:\/\/wgphoto.pl\/t\/index.php?rest_route=%2Fwp%2Fv2%2Fcategories&post=12746"},{"taxonomy":"post_tag","embeddable":true,"href":"https:\/\/wgphoto.pl\/t\/index.php?rest_route=%2Fwp%2Fv2%2Ftags&post=12746"}],"curies":[{"name":"wp","href":"https:\/\/api.w.org\/{rel}","templated":true}]}}