{"id":12749,"date":"2025-02-23T11:43:39","date_gmt":"2025-02-23T10:43:39","guid":{"rendered":"https:\/\/wgphoto.pl\/t\/?p=12749"},"modified":"2025-02-23T11:43:39","modified_gmt":"2025-02-23T10:43:39","slug":"volary","status":"publish","type":"post","link":"https:\/\/wgphoto.pl\/t\/?p=12749","title":{"rendered":"Volary"},"content":{"rendered":"\n<figure class=\"wp-block-image aligncenter size-full\"><img loading=\"lazy\" decoding=\"async\" width=\"1024\" height=\"684\" src=\"https:\/\/wgphoto.pl\/t\/wp-content\/uploads\/2025\/02\/imgp6406.jpg\" alt=\"\" class=\"wp-image-12750\" srcset=\"https:\/\/wgphoto.pl\/t\/wp-content\/uploads\/2025\/02\/imgp6406.jpg 1024w, https:\/\/wgphoto.pl\/t\/wp-content\/uploads\/2025\/02\/imgp6406-300x200.jpg 300w, https:\/\/wgphoto.pl\/t\/wp-content\/uploads\/2025\/02\/imgp6406-768x513.jpg 768w\" sizes=\"auto, (max-width: 1024px) 100vw, 1024px\" \/><\/figure>\n\n\n\n<div class=\"wp-block-group has-global-padding is-layout-constrained wp-block-group-is-layout-constrained\">\n<p>Dosy\u0107 desperackie (i dlatego na budynku) uj\u0119cie manewruj\u0105cego 810 012-5, wykonane w czasie 6-minutowego postoju na stacji niewidocznego w kadrze poci\u0105gu z \u010c\u00ed\u010denic do stacji \u010cern\u00fd K\u0159\u00ed\u017e. Lokalne czeskie stacyjki m\u00f3g\u0142bym fotografowa\u0107 bez ko\u0144ca. 25.08.2010<\/p>\n<\/div>\n","protected":false},"excerpt":{"rendered":"<p>Dosy\u0107 desperackie (i dlatego na budynku) uj\u0119cie manewruj\u0105cego 810 012-5, wykonane w czasie 6-minutowego postoju na stacji niewidocznego w kadrze poci\u0105gu z \u010c\u00ed\u010denic do stacji \u010cern\u00fd K\u0159\u00ed\u017e. Lokalne czeskie stacyjki m\u00f3g\u0142bym fotografowa\u0107 bez ko\u0144ca. 25.08.2010<\/p>\n","protected":false},"author":1,"featured_media":12750,"comment_status":"open","ping_status":"","sticky":false,"template":"","format":"standard","meta":{"footnotes":""},"categories":[2,86],"tags":[308,92,50,49,196,3257,3256],"class_list":["post-12749","post","type-post","status-publish","format-standard","has-post-thumbnail","hentry","category-kolej","category-rok-2010","tag-2010-08-25","tag-92","tag-cd","tag-czechy","tag-linie-raczej-lokalne","tag-tab-cz197","tag-volary"],"_links":{"self":[{"href":"https:\/\/wgphoto.pl\/t\/index.php?rest_route=\/wp\/v2\/posts\/12749","targetHints":{"allow":["GET"]}}],"collection":[{"href":"https:\/\/wgphoto.pl\/t\/index.php?rest_route=\/wp\/v2\/posts"}],"about":[{"href":"https:\/\/wgphoto.pl\/t\/index.php?rest_route=\/wp\/v2\/types\/post"}],"author":[{"embeddable":true,"href":"https:\/\/wgphoto.pl\/t\/index.php?rest_route=\/wp\/v2\/users\/1"}],"replies":[{"embeddable":true,"href":"https:\/\/wgphoto.pl\/t\/index.php?rest_route=%2Fwp%2Fv2%2Fcomments&post=12749"}],"version-history":[{"count":1,"href":"https:\/\/wgphoto.pl\/t\/index.php?rest_route=\/wp\/v2\/posts\/12749\/revisions"}],"predecessor-version":[{"id":12751,"href":"https:\/\/wgphoto.pl\/t\/index.php?rest_route=\/wp\/v2\/posts\/12749\/revisions\/12751"}],"wp:featuredmedia":[{"embeddable":true,"href":"https:\/\/wgphoto.pl\/t\/index.php?rest_route=\/wp\/v2\/media\/12750"}],"wp:attachment":[{"href":"https:\/\/wgphoto.pl\/t\/index.php?rest_route=%2Fwp%2Fv2%2Fmedia&parent=12749"}],"wp:term":[{"taxonomy":"category","embeddable":true,"href":"https:\/\/wgphoto.pl\/t\/index.php?rest_route=%2Fwp%2Fv2%2Fcategories&post=12749"},{"taxonomy":"post_tag","embeddable":true,"href":"https:\/\/wgphoto.pl\/t\/index.php?rest_route=%2Fwp%2Fv2%2Ftags&post=12749"}],"curies":[{"name":"wp","href":"https:\/\/api.w.org\/{rel}","templated":true}]}}