{"id":12752,"date":"2025-02-23T11:45:26","date_gmt":"2025-02-23T10:45:26","guid":{"rendered":"https:\/\/wgphoto.pl\/t\/?p=12752"},"modified":"2025-02-23T11:45:26","modified_gmt":"2025-02-23T10:45:26","slug":"velke-losiny","status":"publish","type":"post","link":"https:\/\/wgphoto.pl\/t\/?p=12752","title":{"rendered":"Velk\u00e9 Losiny"},"content":{"rendered":"\n<figure class=\"wp-block-image aligncenter size-full\"><img loading=\"lazy\" decoding=\"async\" width=\"1023\" height=\"685\" src=\"https:\/\/wgphoto.pl\/t\/wp-content\/uploads\/2025\/02\/imgp5802.jpg\" alt=\"\" class=\"wp-image-12753\" srcset=\"https:\/\/wgphoto.pl\/t\/wp-content\/uploads\/2025\/02\/imgp5802.jpg 1023w, https:\/\/wgphoto.pl\/t\/wp-content\/uploads\/2025\/02\/imgp5802-300x201.jpg 300w, https:\/\/wgphoto.pl\/t\/wp-content\/uploads\/2025\/02\/imgp5802-768x514.jpg 768w\" sizes=\"auto, (max-width: 1023px) 100vw, 1023px\" \/><\/figure>\n\n\n\n<div class=\"wp-block-group has-global-padding is-layout-constrained wp-block-group-is-layout-constrained\">\n<p>810 221-2 oczekuje pory odjazdu jako poc. 13785 do Petrova nad Desnou (a w\u0142a\u015bciwie, jako wagon bezpo\u015bredni, do \u0160umperka przez Sobot\u00edn). Prywaciarz \u017deleznice Desn\u00e1, powi\u0105zany obecnie z Connexem, od 1 maja 1998, kiedy to wznowiono przewozy po odbudowie linii ze zniszcze\u0144 powodziowych z 1997 roku, obs\u0142uguje wiod\u0105c\u0105 wg\u0142\u0105b Wysokiego Jesionika tras\u0119 \u0160umperk &#8211; Kouty nad Desnou wraz z kr\u00f3tk\u0105 odnog\u0105 z Petrova nad Desnou do Sobot\u00edna. \u017dD jest nie tylko przewo\u017anikiem, ale i w\u0142a\u015bcicielem infrastruktury. [Tak wygl\u0105da\u0142a sytuacja w 2012. Obecnie kursuj\u0105 tu zn\u00f3w \u010cD, a linia jest zelektryfikowana] 14.08.2010<\/p>\n<\/div>\n","protected":false},"excerpt":{"rendered":"<p>810 221-2 oczekuje pory odjazdu jako poc. 13785 do Petrova nad Desnou (a w\u0142a\u015bciwie, jako wagon bezpo\u015bredni, do \u0160umperka przez Sobot\u00edn). Prywaciarz \u017deleznice Desn\u00e1, powi\u0105zany obecnie z Connexem, od 1 maja 1998, kiedy to wznowiono przewozy po odbudowie linii ze zniszcze\u0144 powodziowych z 1997 roku, obs\u0142uguje wiod\u0105c\u0105 wg\u0142\u0105b Wysokiego Jesionika tras\u0119 \u0160umperk &#8211; Kouty nad [&hellip;]<\/p>\n","protected":false},"author":1,"featured_media":12753,"comment_status":"open","ping_status":"","sticky":false,"template":"","format":"standard","meta":{"footnotes":""},"categories":[2,86],"tags":[1799,92,49,196,3259,3258,3260],"class_list":["post-12752","post","type-post","status-publish","format-standard","has-post-thumbnail","hentry","category-kolej","category-rok-2010","tag-2010-08-14","tag-92","tag-czechy","tag-linie-raczej-lokalne","tag-tab-cz291","tag-velke-losiny","tag-zeleznice-desna"],"_links":{"self":[{"href":"https:\/\/wgphoto.pl\/t\/index.php?rest_route=\/wp\/v2\/posts\/12752","targetHints":{"allow":["GET"]}}],"collection":[{"href":"https:\/\/wgphoto.pl\/t\/index.php?rest_route=\/wp\/v2\/posts"}],"about":[{"href":"https:\/\/wgphoto.pl\/t\/index.php?rest_route=\/wp\/v2\/types\/post"}],"author":[{"embeddable":true,"href":"https:\/\/wgphoto.pl\/t\/index.php?rest_route=\/wp\/v2\/users\/1"}],"replies":[{"embeddable":true,"href":"https:\/\/wgphoto.pl\/t\/index.php?rest_route=%2Fwp%2Fv2%2Fcomments&post=12752"}],"version-history":[{"count":1,"href":"https:\/\/wgphoto.pl\/t\/index.php?rest_route=\/wp\/v2\/posts\/12752\/revisions"}],"predecessor-version":[{"id":12754,"href":"https:\/\/wgphoto.pl\/t\/index.php?rest_route=\/wp\/v2\/posts\/12752\/revisions\/12754"}],"wp:featuredmedia":[{"embeddable":true,"href":"https:\/\/wgphoto.pl\/t\/index.php?rest_route=\/wp\/v2\/media\/12753"}],"wp:attachment":[{"href":"https:\/\/wgphoto.pl\/t\/index.php?rest_route=%2Fwp%2Fv2%2Fmedia&parent=12752"}],"wp:term":[{"taxonomy":"category","embeddable":true,"href":"https:\/\/wgphoto.pl\/t\/index.php?rest_route=%2Fwp%2Fv2%2Fcategories&post=12752"},{"taxonomy":"post_tag","embeddable":true,"href":"https:\/\/wgphoto.pl\/t\/index.php?rest_route=%2Fwp%2Fv2%2Ftags&post=12752"}],"curies":[{"name":"wp","href":"https:\/\/api.w.org\/{rel}","templated":true}]}}