{"id":12755,"date":"2025-02-23T11:46:22","date_gmt":"2025-02-23T10:46:22","guid":{"rendered":"https:\/\/wgphoto.pl\/t\/?p=12755"},"modified":"2025-02-23T11:46:40","modified_gmt":"2025-02-23T10:46:40","slug":"blatna","status":"publish","type":"post","link":"https:\/\/wgphoto.pl\/t\/?p=12755","title":{"rendered":"Blatn\u00e1"},"content":{"rendered":"\n<figure class=\"wp-block-image aligncenter size-full\"><img loading=\"lazy\" decoding=\"async\" width=\"1200\" height=\"803\" src=\"https:\/\/wgphoto.pl\/t\/wp-content\/uploads\/2025\/02\/imgp4120.jpg\" alt=\"\" class=\"wp-image-12756\" srcset=\"https:\/\/wgphoto.pl\/t\/wp-content\/uploads\/2025\/02\/imgp4120.jpg 1200w, https:\/\/wgphoto.pl\/t\/wp-content\/uploads\/2025\/02\/imgp4120-300x201.jpg 300w, https:\/\/wgphoto.pl\/t\/wp-content\/uploads\/2025\/02\/imgp4120-768x514.jpg 768w\" sizes=\"auto, (max-width: 1200px) 100vw, 1200px\" \/><\/figure>\n\n\n\n<div class=\"wp-block-group has-global-padding is-layout-constrained wp-block-group-is-layout-constrained\">\n<p>810 195-8 jako poc. 17914 rel. B\u0159eznice &#8211; Strakonice odje\u017cd\u017ca z Blatnej. Nied\u0142ugo p\u00f3\u017aniej widoczne semafory kszta\u0142towe zamieniono na \u015bwietlne. 26.09.2011<\/p>\n<\/div>\n","protected":false},"excerpt":{"rendered":"<p>810 195-8 jako poc. 17914 rel. B\u0159eznice &#8211; Strakonice odje\u017cd\u017ca z Blatnej. Nied\u0142ugo p\u00f3\u017aniej widoczne semafory kszta\u0142towe zamieniono na \u015bwietlne. 26.09.2011<\/p>\n","protected":false},"author":1,"featured_media":12756,"comment_status":"open","ping_status":"","sticky":false,"template":"","format":"standard","meta":{"footnotes":""},"categories":[2,77],"tags":[1471,92,3261,50,49,173,196,181,53,3262],"class_list":["post-12755","post","type-post","status-publish","format-standard","has-post-thumbnail","hentry","category-kolej","category-rok-2011","tag-2011-09-26","tag-92","tag-blatna","tag-cd","tag-czechy","tag-koncowki","tag-linie-raczej-lokalne","tag-slonce","tag-sygnalizacja-ksztaltowa","tag-tab-cz203"],"_links":{"self":[{"href":"https:\/\/wgphoto.pl\/t\/index.php?rest_route=\/wp\/v2\/posts\/12755","targetHints":{"allow":["GET"]}}],"collection":[{"href":"https:\/\/wgphoto.pl\/t\/index.php?rest_route=\/wp\/v2\/posts"}],"about":[{"href":"https:\/\/wgphoto.pl\/t\/index.php?rest_route=\/wp\/v2\/types\/post"}],"author":[{"embeddable":true,"href":"https:\/\/wgphoto.pl\/t\/index.php?rest_route=\/wp\/v2\/users\/1"}],"replies":[{"embeddable":true,"href":"https:\/\/wgphoto.pl\/t\/index.php?rest_route=%2Fwp%2Fv2%2Fcomments&post=12755"}],"version-history":[{"count":1,"href":"https:\/\/wgphoto.pl\/t\/index.php?rest_route=\/wp\/v2\/posts\/12755\/revisions"}],"predecessor-version":[{"id":12757,"href":"https:\/\/wgphoto.pl\/t\/index.php?rest_route=\/wp\/v2\/posts\/12755\/revisions\/12757"}],"wp:featuredmedia":[{"embeddable":true,"href":"https:\/\/wgphoto.pl\/t\/index.php?rest_route=\/wp\/v2\/media\/12756"}],"wp:attachment":[{"href":"https:\/\/wgphoto.pl\/t\/index.php?rest_route=%2Fwp%2Fv2%2Fmedia&parent=12755"}],"wp:term":[{"taxonomy":"category","embeddable":true,"href":"https:\/\/wgphoto.pl\/t\/index.php?rest_route=%2Fwp%2Fv2%2Fcategories&post=12755"},{"taxonomy":"post_tag","embeddable":true,"href":"https:\/\/wgphoto.pl\/t\/index.php?rest_route=%2Fwp%2Fv2%2Ftags&post=12755"}],"curies":[{"name":"wp","href":"https:\/\/api.w.org\/{rel}","templated":true}]}}