{"id":12761,"date":"2025-02-23T12:04:28","date_gmt":"2025-02-23T11:04:28","guid":{"rendered":"https:\/\/wgphoto.pl\/t\/?p=12761"},"modified":"2025-02-23T12:04:28","modified_gmt":"2025-02-23T11:04:28","slug":"ostravice","status":"publish","type":"post","link":"https:\/\/wgphoto.pl\/t\/?p=12761","title":{"rendered":"Ostravice"},"content":{"rendered":"\n<figure class=\"wp-block-image aligncenter size-full\"><img loading=\"lazy\" decoding=\"async\" width=\"1024\" height=\"683\" src=\"https:\/\/wgphoto.pl\/t\/wp-content\/uploads\/2025\/02\/imgp9900.jpg\" alt=\"\" class=\"wp-image-12762\" srcset=\"https:\/\/wgphoto.pl\/t\/wp-content\/uploads\/2025\/02\/imgp9900.jpg 1024w, https:\/\/wgphoto.pl\/t\/wp-content\/uploads\/2025\/02\/imgp9900-300x200.jpg 300w, https:\/\/wgphoto.pl\/t\/wp-content\/uploads\/2025\/02\/imgp9900-768x512.jpg 768w\" sizes=\"auto, (max-width: 1024px) 100vw, 1024px\" \/><\/figure>\n\n\n\n<div class=\"wp-block-group has-global-padding is-layout-constrained wp-block-group-is-layout-constrained\">\n<p>814.093 jako poc. 13127 do Fr\u00fddlantu nad Ostravic\u00ed oczekuje pory odjazdu z wioski po\u0142o\u017conej u st\u00f3p Morawsko\u015bl\u0105skich Beskid\u00f3w. W mocno niesprzyjaj\u0105cych warunkach terenowych, ze s\u0142o\u0144cem nie z tej strony co trzeba, budynkiem w remoncie i w\u0142a\u015bnie przyklejan\u0105 do niego nowoczesn\u0105 przybud\u00f3wk\u0105, wymy\u015bli\u0142em taki oto kadr, z kt\u00f3rego jestem absolutnie zadowolony. 12.10.2012<\/p>\n<\/div>\n","protected":false},"excerpt":{"rendered":"<p>814.093 jako poc. 13127 do Fr\u00fddlantu nad Ostravic\u00ed oczekuje pory odjazdu z wioski po\u0142o\u017conej u st\u00f3p Morawsko\u015bl\u0105skich Beskid\u00f3w. W mocno niesprzyjaj\u0105cych warunkach terenowych, ze s\u0142o\u0144cem nie z tej strony co trzeba, budynkiem w remoncie i w\u0142a\u015bnie przyklejan\u0105 do niego nowoczesn\u0105 przybud\u00f3wk\u0105, wymy\u015bli\u0142em taki oto kadr, z kt\u00f3rego jestem absolutnie zadowolony. 12.10.2012<\/p>\n","protected":false},"author":1,"featured_media":12762,"comment_status":"open","ping_status":"","sticky":false,"template":"","format":"standard","meta":{"footnotes":""},"categories":[2,46],"tags":[2216,211,50,49,114,94,3266,3265],"class_list":["post-12761","post","type-post","status-publish","format-standard","has-post-thumbnail","hentry","category-kolej","category-rok-2012","tag-2012-10-12","tag-211","tag-cd","tag-czechy","tag-gory","tag-na-kolejowym-koncu-swiata","tag-ostravice","tag-tab-cz324"],"_links":{"self":[{"href":"https:\/\/wgphoto.pl\/t\/index.php?rest_route=\/wp\/v2\/posts\/12761","targetHints":{"allow":["GET"]}}],"collection":[{"href":"https:\/\/wgphoto.pl\/t\/index.php?rest_route=\/wp\/v2\/posts"}],"about":[{"href":"https:\/\/wgphoto.pl\/t\/index.php?rest_route=\/wp\/v2\/types\/post"}],"author":[{"embeddable":true,"href":"https:\/\/wgphoto.pl\/t\/index.php?rest_route=\/wp\/v2\/users\/1"}],"replies":[{"embeddable":true,"href":"https:\/\/wgphoto.pl\/t\/index.php?rest_route=%2Fwp%2Fv2%2Fcomments&post=12761"}],"version-history":[{"count":1,"href":"https:\/\/wgphoto.pl\/t\/index.php?rest_route=\/wp\/v2\/posts\/12761\/revisions"}],"predecessor-version":[{"id":12763,"href":"https:\/\/wgphoto.pl\/t\/index.php?rest_route=\/wp\/v2\/posts\/12761\/revisions\/12763"}],"wp:featuredmedia":[{"embeddable":true,"href":"https:\/\/wgphoto.pl\/t\/index.php?rest_route=\/wp\/v2\/media\/12762"}],"wp:attachment":[{"href":"https:\/\/wgphoto.pl\/t\/index.php?rest_route=%2Fwp%2Fv2%2Fmedia&parent=12761"}],"wp:term":[{"taxonomy":"category","embeddable":true,"href":"https:\/\/wgphoto.pl\/t\/index.php?rest_route=%2Fwp%2Fv2%2Fcategories&post=12761"},{"taxonomy":"post_tag","embeddable":true,"href":"https:\/\/wgphoto.pl\/t\/index.php?rest_route=%2Fwp%2Fv2%2Ftags&post=12761"}],"curies":[{"name":"wp","href":"https:\/\/api.w.org\/{rel}","templated":true}]}}