{"id":12764,"date":"2025-02-23T12:05:39","date_gmt":"2025-02-23T11:05:39","guid":{"rendered":"https:\/\/wgphoto.pl\/t\/?p=12764"},"modified":"2025-02-23T12:06:47","modified_gmt":"2025-02-23T11:06:47","slug":"odjazd-z-broumova","status":"publish","type":"post","link":"https:\/\/wgphoto.pl\/t\/?p=12764","title":{"rendered":"Odjazd z Broumova"},"content":{"rendered":"\n<figure class=\"wp-block-image aligncenter size-full\"><img loading=\"lazy\" decoding=\"async\" width=\"1024\" height=\"685\" src=\"https:\/\/wgphoto.pl\/t\/wp-content\/uploads\/2025\/02\/imgp9570.jpg\" alt=\"\" class=\"wp-image-12765\" srcset=\"https:\/\/wgphoto.pl\/t\/wp-content\/uploads\/2025\/02\/imgp9570.jpg 1024w, https:\/\/wgphoto.pl\/t\/wp-content\/uploads\/2025\/02\/imgp9570-300x201.jpg 300w, https:\/\/wgphoto.pl\/t\/wp-content\/uploads\/2025\/02\/imgp9570-768x514.jpg 768w\" sizes=\"auto, (max-width: 1024px) 100vw, 1024px\" \/><\/figure>\n\n\n\n<div class=\"wp-block-group has-global-padding is-layout-constrained wp-block-group-is-layout-constrained\">\n<p>Dy\u017curna ruchu podaje sygna\u0142 odjazdu dla obs\u0142ugiwanego pojazdem 810 343-4 poci\u0105gu 25157 do Mezim\u011bst\u00ed. Broumov jest obecnie &#8222;ofertowym&#8221; ko\u0144cem \u015bwiata. Dalszy odcinek trasy do Otovic zast\u00e1vky jest nieczynny w ruchu pasa\u017cerskim od 2008 roku. 30.09.2012<\/p>\n<\/div>\n","protected":false},"excerpt":{"rendered":"<p>Dy\u017curna ruchu podaje sygna\u0142 odjazdu dla obs\u0142ugiwanego pojazdem 810 343-4 poci\u0105gu 25157 do Mezim\u011bst\u00ed. Broumov jest obecnie &#8222;ofertowym&#8221; ko\u0144cem \u015bwiata. Dalszy odcinek trasy do Otovic zast\u00e1vky jest nieczynny w ruchu pasa\u017cerskim od 2008 roku. 30.09.2012<\/p>\n","protected":false},"author":1,"featured_media":12765,"comment_status":"open","ping_status":"","sticky":false,"template":"","format":"standard","meta":{"footnotes":""},"categories":[2,46],"tags":[3267,92,3268,50,49,313,94,1775,1720],"class_list":["post-12764","post","type-post","status-publish","format-standard","has-post-thumbnail","hentry","category-kolej","category-rok-2012","tag-2012-09-30","tag-92","tag-broumov","tag-cd","tag-czechy","tag-dyzurny","tag-na-kolejowym-koncu-swiata","tag-na-wysiadanego","tag-tab-cz026"],"_links":{"self":[{"href":"https:\/\/wgphoto.pl\/t\/index.php?rest_route=\/wp\/v2\/posts\/12764","targetHints":{"allow":["GET"]}}],"collection":[{"href":"https:\/\/wgphoto.pl\/t\/index.php?rest_route=\/wp\/v2\/posts"}],"about":[{"href":"https:\/\/wgphoto.pl\/t\/index.php?rest_route=\/wp\/v2\/types\/post"}],"author":[{"embeddable":true,"href":"https:\/\/wgphoto.pl\/t\/index.php?rest_route=\/wp\/v2\/users\/1"}],"replies":[{"embeddable":true,"href":"https:\/\/wgphoto.pl\/t\/index.php?rest_route=%2Fwp%2Fv2%2Fcomments&post=12764"}],"version-history":[{"count":1,"href":"https:\/\/wgphoto.pl\/t\/index.php?rest_route=\/wp\/v2\/posts\/12764\/revisions"}],"predecessor-version":[{"id":12766,"href":"https:\/\/wgphoto.pl\/t\/index.php?rest_route=\/wp\/v2\/posts\/12764\/revisions\/12766"}],"wp:featuredmedia":[{"embeddable":true,"href":"https:\/\/wgphoto.pl\/t\/index.php?rest_route=\/wp\/v2\/media\/12765"}],"wp:attachment":[{"href":"https:\/\/wgphoto.pl\/t\/index.php?rest_route=%2Fwp%2Fv2%2Fmedia&parent=12764"}],"wp:term":[{"taxonomy":"category","embeddable":true,"href":"https:\/\/wgphoto.pl\/t\/index.php?rest_route=%2Fwp%2Fv2%2Fcategories&post=12764"},{"taxonomy":"post_tag","embeddable":true,"href":"https:\/\/wgphoto.pl\/t\/index.php?rest_route=%2Fwp%2Fv2%2Ftags&post=12764"}],"curies":[{"name":"wp","href":"https:\/\/api.w.org\/{rel}","templated":true}]}}