{"id":12767,"date":"2025-02-23T12:06:30","date_gmt":"2025-02-23T11:06:30","guid":{"rendered":"https:\/\/wgphoto.pl\/t\/?p=12767"},"modified":"2025-02-23T12:06:30","modified_gmt":"2025-02-23T11:06:30","slug":"przyjazd-do-broumova","status":"publish","type":"post","link":"https:\/\/wgphoto.pl\/t\/?p=12767","title":{"rendered":"Przyjazd do Broumova"},"content":{"rendered":"\n<figure class=\"wp-block-image aligncenter size-full\"><img loading=\"lazy\" decoding=\"async\" width=\"1024\" height=\"684\" src=\"https:\/\/wgphoto.pl\/t\/wp-content\/uploads\/2025\/02\/imgp9585.jpg\" alt=\"\" class=\"wp-image-12768\" srcset=\"https:\/\/wgphoto.pl\/t\/wp-content\/uploads\/2025\/02\/imgp9585.jpg 1024w, https:\/\/wgphoto.pl\/t\/wp-content\/uploads\/2025\/02\/imgp9585-300x200.jpg 300w, https:\/\/wgphoto.pl\/t\/wp-content\/uploads\/2025\/02\/imgp9585-768x513.jpg 768w\" sizes=\"auto, (max-width: 1024px) 100vw, 1024px\" \/><\/figure>\n\n\n\n<div class=\"wp-block-group has-global-padding is-layout-constrained wp-block-group-is-layout-constrained\">\n<p>814.150 jako poci\u0105g przyspieszony 1744 ze Starko\u010de zatrzymuje si\u0119 na stacji docelowej i po kilkuminutowym postoju odjedzie w kurs powrotny. 30.09.2012<\/p>\n<\/div>\n","protected":false},"excerpt":{"rendered":"<p>814.150 jako poci\u0105g przyspieszony 1744 ze Starko\u010de zatrzymuje si\u0119 na stacji docelowej i po kilkuminutowym postoju odjedzie w kurs powrotny. 30.09.2012<\/p>\n","protected":false},"author":1,"featured_media":12768,"comment_status":"open","ping_status":"","sticky":false,"template":"","format":"standard","meta":{"footnotes":""},"categories":[2,46],"tags":[3267,211,3268,50,49,151,94,1186,1720],"class_list":["post-12767","post","type-post","status-publish","format-standard","has-post-thumbnail","hentry","category-kolej","category-rok-2012","tag-2012-09-30","tag-211","tag-broumov","tag-cd","tag-czechy","tag-ludzie","tag-na-kolejowym-koncu-swiata","tag-na-wsiadanego","tag-tab-cz026"],"_links":{"self":[{"href":"https:\/\/wgphoto.pl\/t\/index.php?rest_route=\/wp\/v2\/posts\/12767","targetHints":{"allow":["GET"]}}],"collection":[{"href":"https:\/\/wgphoto.pl\/t\/index.php?rest_route=\/wp\/v2\/posts"}],"about":[{"href":"https:\/\/wgphoto.pl\/t\/index.php?rest_route=\/wp\/v2\/types\/post"}],"author":[{"embeddable":true,"href":"https:\/\/wgphoto.pl\/t\/index.php?rest_route=\/wp\/v2\/users\/1"}],"replies":[{"embeddable":true,"href":"https:\/\/wgphoto.pl\/t\/index.php?rest_route=%2Fwp%2Fv2%2Fcomments&post=12767"}],"version-history":[{"count":1,"href":"https:\/\/wgphoto.pl\/t\/index.php?rest_route=\/wp\/v2\/posts\/12767\/revisions"}],"predecessor-version":[{"id":12769,"href":"https:\/\/wgphoto.pl\/t\/index.php?rest_route=\/wp\/v2\/posts\/12767\/revisions\/12769"}],"wp:featuredmedia":[{"embeddable":true,"href":"https:\/\/wgphoto.pl\/t\/index.php?rest_route=\/wp\/v2\/media\/12768"}],"wp:attachment":[{"href":"https:\/\/wgphoto.pl\/t\/index.php?rest_route=%2Fwp%2Fv2%2Fmedia&parent=12767"}],"wp:term":[{"taxonomy":"category","embeddable":true,"href":"https:\/\/wgphoto.pl\/t\/index.php?rest_route=%2Fwp%2Fv2%2Fcategories&post=12767"},{"taxonomy":"post_tag","embeddable":true,"href":"https:\/\/wgphoto.pl\/t\/index.php?rest_route=%2Fwp%2Fv2%2Ftags&post=12767"}],"curies":[{"name":"wp","href":"https:\/\/api.w.org\/{rel}","templated":true}]}}