{"id":12783,"date":"2025-02-23T12:12:52","date_gmt":"2025-02-23T11:12:52","guid":{"rendered":"https:\/\/wgphoto.pl\/t\/?p=12783"},"modified":"2025-02-23T12:12:52","modified_gmt":"2025-02-23T11:12:52","slug":"most","status":"publish","type":"post","link":"https:\/\/wgphoto.pl\/t\/?p=12783","title":{"rendered":"Most"},"content":{"rendered":"\n<figure class=\"wp-block-image aligncenter size-full\"><img loading=\"lazy\" decoding=\"async\" width=\"1024\" height=\"683\" src=\"https:\/\/wgphoto.pl\/t\/wp-content\/uploads\/2025\/02\/imgp9265.jpg\" alt=\"\" class=\"wp-image-12784\" srcset=\"https:\/\/wgphoto.pl\/t\/wp-content\/uploads\/2025\/02\/imgp9265.jpg 1024w, https:\/\/wgphoto.pl\/t\/wp-content\/uploads\/2025\/02\/imgp9265-300x200.jpg 300w, https:\/\/wgphoto.pl\/t\/wp-content\/uploads\/2025\/02\/imgp9265-768x512.jpg 768w\" sizes=\"auto, (max-width: 1024px) 100vw, 1024px\" \/><\/figure>\n\n\n\n<div class=\"wp-block-group has-global-padding is-layout-constrained wp-block-group-is-layout-constrained\">\n<p>Osobak 6855 do D\u011b\u010d\u00edna ze 163.091 za par\u0119 minut odjedzie ze stacji Most. Z uwagi na spore uprzemys\u0142owienie tego rejonu, a co za tym idzie &#8211; spory popyt na transport pasa\u017cerski, poci\u0105gi osobowe w tej relacji kursuj\u0105 co godzin\u0119 przez ca\u0142y dzie\u0144 z zag\u0119szczeniem w szczytach do 30 minut mi\u0119dzy Mostem a wojew\u00f3dzkim \u00dast\u00ed nad Labem. Do tego dochodz\u0105 rychliki w takcie dwugodzinnym (w szczytach &#8211; godzinnym), co w rezultacie daje ca\u0142kiem niez\u0142\u0105 ofert\u0119. 2009-09-07<\/p>\n<\/div>\n","protected":false},"excerpt":{"rendered":"<p>Osobak 6855 do D\u011b\u010d\u00edna ze 163.091 za par\u0119 minut odjedzie ze stacji Most. Z uwagi na spore uprzemys\u0142owienie tego rejonu, a co za tym idzie &#8211; spory popyt na transport pasa\u017cerski, poci\u0105gi osobowe w tej relacji kursuj\u0105 co godzin\u0119 przez ca\u0142y dzie\u0144 z zag\u0119szczeniem w szczytach do 30 minut mi\u0119dzy Mostem a wojew\u00f3dzkim \u00dast\u00ed nad [&hellip;]<\/p>\n","protected":false},"author":1,"featured_media":12784,"comment_status":"open","ping_status":"","sticky":false,"template":"","format":"standard","meta":{"footnotes":""},"categories":[2,169],"tags":[1401,1468,50,49,1683,24,1685],"class_list":["post-12783","post","type-post","status-publish","format-standard","has-post-thumbnail","hentry","category-kolej","category-rok-2009","tag-1401","tag-2009-09-07","tag-cd","tag-czechy","tag-most-cz","tag-perony","tag-tab-cz130"],"_links":{"self":[{"href":"https:\/\/wgphoto.pl\/t\/index.php?rest_route=\/wp\/v2\/posts\/12783","targetHints":{"allow":["GET"]}}],"collection":[{"href":"https:\/\/wgphoto.pl\/t\/index.php?rest_route=\/wp\/v2\/posts"}],"about":[{"href":"https:\/\/wgphoto.pl\/t\/index.php?rest_route=\/wp\/v2\/types\/post"}],"author":[{"embeddable":true,"href":"https:\/\/wgphoto.pl\/t\/index.php?rest_route=\/wp\/v2\/users\/1"}],"replies":[{"embeddable":true,"href":"https:\/\/wgphoto.pl\/t\/index.php?rest_route=%2Fwp%2Fv2%2Fcomments&post=12783"}],"version-history":[{"count":1,"href":"https:\/\/wgphoto.pl\/t\/index.php?rest_route=\/wp\/v2\/posts\/12783\/revisions"}],"predecessor-version":[{"id":12785,"href":"https:\/\/wgphoto.pl\/t\/index.php?rest_route=\/wp\/v2\/posts\/12783\/revisions\/12785"}],"wp:featuredmedia":[{"embeddable":true,"href":"https:\/\/wgphoto.pl\/t\/index.php?rest_route=\/wp\/v2\/media\/12784"}],"wp:attachment":[{"href":"https:\/\/wgphoto.pl\/t\/index.php?rest_route=%2Fwp%2Fv2%2Fmedia&parent=12783"}],"wp:term":[{"taxonomy":"category","embeddable":true,"href":"https:\/\/wgphoto.pl\/t\/index.php?rest_route=%2Fwp%2Fv2%2Fcategories&post=12783"},{"taxonomy":"post_tag","embeddable":true,"href":"https:\/\/wgphoto.pl\/t\/index.php?rest_route=%2Fwp%2Fv2%2Ftags&post=12783"}],"curies":[{"name":"wp","href":"https:\/\/api.w.org\/{rel}","templated":true}]}}