{"id":12807,"date":"2025-02-23T13:49:09","date_gmt":"2025-02-23T12:49:09","guid":{"rendered":"https:\/\/wgphoto.pl\/t\/?p=12807"},"modified":"2025-02-23T13:49:09","modified_gmt":"2025-02-23T12:49:09","slug":"tramwajowe-rogatki","status":"publish","type":"post","link":"https:\/\/wgphoto.pl\/t\/?p=12807","title":{"rendered":"Tramwajowe rogatki"},"content":{"rendered":"\n<figure class=\"wp-block-image aligncenter size-full\"><img loading=\"lazy\" decoding=\"async\" width=\"1024\" height=\"689\" src=\"https:\/\/wgphoto.pl\/t\/wp-content\/uploads\/2025\/02\/imgp1242-11.jpg\" alt=\"\" class=\"wp-image-12808\" srcset=\"https:\/\/wgphoto.pl\/t\/wp-content\/uploads\/2025\/02\/imgp1242-11.jpg 1024w, https:\/\/wgphoto.pl\/t\/wp-content\/uploads\/2025\/02\/imgp1242-11-300x202.jpg 300w, https:\/\/wgphoto.pl\/t\/wp-content\/uploads\/2025\/02\/imgp1242-11-768x517.jpg 768w\" sizes=\"auto, (max-width: 1024px) 100vw, 1024px\" \/><\/figure>\n\n\n\n<div class=\"wp-block-group has-global-padding is-layout-constrained wp-block-group-is-layout-constrained\">\n<p>Oslo, Sk\u00f8yen. Przed tramwajem jad\u0105cym w stron\u0119 centrum jeszcze d\u0142ugie kilometry wydzielonego torowiska oraz rogatek na nielicznych skrzy\u017cowaniach z drogami ko\u0142owymi, a jednak od prezentowanego przystanku linia ta uznawana jest za &#8222;miejsk\u0105&#8221;. W przeciwn\u0105 stron\u0119 wiedzie trasa szybka i podmiejska, na dodatek na znacznym odcinku wsp\u00f3\u0142dzielona z metrem. Opr\u00f3cz rogatek tak\u017ce widoczny w tle ceglany budynek wygl\u0105da &#8222;kolejowo&#8221;, jednak internety twierdz\u0105, \u017ce trasa ta od chwili uruchomienia w 1894 roku funkcjonuje jako tramwajowa. 23.05.2011<\/p>\n<\/div>\n","protected":false},"excerpt":{"rendered":"<p>Oslo, Sk\u00f8yen. Przed tramwajem jad\u0105cym w stron\u0119 centrum jeszcze d\u0142ugie kilometry wydzielonego torowiska oraz rogatek na nielicznych skrzy\u017cowaniach z drogami ko\u0142owymi, a jednak od prezentowanego przystanku linia ta uznawana jest za &#8222;miejsk\u0105&#8221;. W przeciwn\u0105 stron\u0119 wiedzie trasa szybka i podmiejska, na dodatek na znacznym odcinku wsp\u00f3\u0142dzielona z metrem. Opr\u00f3cz rogatek tak\u017ce widoczny w tle ceglany [&hellip;]<\/p>\n","protected":false},"author":1,"featured_media":12808,"comment_status":"open","ping_status":"","sticky":false,"template":"","format":"standard","meta":{"footnotes":""},"categories":[77,3],"tags":[3106,101,230,78,79,82,1033],"class_list":["post-12807","post","type-post","status-publish","format-standard","has-post-thumbnail","hentry","category-rok-2011","category-tramwaj","tag-2011-05-23","tag-gt6","tag-infrastruktura","tag-norwegia","tag-oslo","tag-oslotrikken","tag-sl79"],"_links":{"self":[{"href":"https:\/\/wgphoto.pl\/t\/index.php?rest_route=\/wp\/v2\/posts\/12807","targetHints":{"allow":["GET"]}}],"collection":[{"href":"https:\/\/wgphoto.pl\/t\/index.php?rest_route=\/wp\/v2\/posts"}],"about":[{"href":"https:\/\/wgphoto.pl\/t\/index.php?rest_route=\/wp\/v2\/types\/post"}],"author":[{"embeddable":true,"href":"https:\/\/wgphoto.pl\/t\/index.php?rest_route=\/wp\/v2\/users\/1"}],"replies":[{"embeddable":true,"href":"https:\/\/wgphoto.pl\/t\/index.php?rest_route=%2Fwp%2Fv2%2Fcomments&post=12807"}],"version-history":[{"count":1,"href":"https:\/\/wgphoto.pl\/t\/index.php?rest_route=\/wp\/v2\/posts\/12807\/revisions"}],"predecessor-version":[{"id":12809,"href":"https:\/\/wgphoto.pl\/t\/index.php?rest_route=\/wp\/v2\/posts\/12807\/revisions\/12809"}],"wp:featuredmedia":[{"embeddable":true,"href":"https:\/\/wgphoto.pl\/t\/index.php?rest_route=\/wp\/v2\/media\/12808"}],"wp:attachment":[{"href":"https:\/\/wgphoto.pl\/t\/index.php?rest_route=%2Fwp%2Fv2%2Fmedia&parent=12807"}],"wp:term":[{"taxonomy":"category","embeddable":true,"href":"https:\/\/wgphoto.pl\/t\/index.php?rest_route=%2Fwp%2Fv2%2Fcategories&post=12807"},{"taxonomy":"post_tag","embeddable":true,"href":"https:\/\/wgphoto.pl\/t\/index.php?rest_route=%2Fwp%2Fv2%2Ftags&post=12807"}],"curies":[{"name":"wp","href":"https:\/\/api.w.org\/{rel}","templated":true}]}}