{"id":12819,"date":"2025-02-23T13:53:03","date_gmt":"2025-02-23T12:53:03","guid":{"rendered":"https:\/\/wgphoto.pl\/t\/?p=12819"},"modified":"2025-02-23T13:53:03","modified_gmt":"2025-02-23T12:53:03","slug":"podwyzszony-peron","status":"publish","type":"post","link":"https:\/\/wgphoto.pl\/t\/?p=12819","title":{"rendered":"Podwy\u017cszony peron"},"content":{"rendered":"\n<figure class=\"wp-block-image aligncenter size-full\"><img loading=\"lazy\" decoding=\"async\" width=\"1024\" height=\"684\" src=\"https:\/\/wgphoto.pl\/t\/wp-content\/uploads\/2025\/02\/imgp2430.jpg\" alt=\"\" class=\"wp-image-12820\" srcset=\"https:\/\/wgphoto.pl\/t\/wp-content\/uploads\/2025\/02\/imgp2430.jpg 1024w, https:\/\/wgphoto.pl\/t\/wp-content\/uploads\/2025\/02\/imgp2430-300x200.jpg 300w, https:\/\/wgphoto.pl\/t\/wp-content\/uploads\/2025\/02\/imgp2430-768x513.jpg 768w\" sizes=\"auto, (max-width: 1024px) 100vw, 1024px\" \/><\/figure>\n\n\n\n<div class=\"wp-block-group has-global-padding is-layout-constrained wp-block-group-is-layout-constrained\">\n<p>Oslo, Kristian Augusts gate. Niskopod\u0142ogowa siedemnastka za chwil\u0119 zatrzyma si\u0119 na przystanku Tullinl\u00f8kka. Niestety nie pomy\u015bla\u0142em wtedy by sprawdzi\u0107, czy motorniczy celuje drzwiami wyposa\u017conymi w platform\u0119 w punktowe podwy\u017cszenie peronu. 25.07.2011<\/p>\n<\/div>\n","protected":false},"excerpt":{"rendered":"<p>Oslo, Kristian Augusts gate. Niskopod\u0142ogowa siedemnastka za chwil\u0119 zatrzyma si\u0119 na przystanku Tullinl\u00f8kka. Niestety nie pomy\u015bla\u0142em wtedy by sprawdzi\u0107, czy motorniczy celuje drzwiami wyposa\u017conymi w platform\u0119 w punktowe podwy\u017cszenie peronu. 25.07.2011<\/p>\n","protected":false},"author":1,"featured_media":12820,"comment_status":"open","ping_status":"","sticky":false,"template":"","format":"standard","meta":{"footnotes":""},"categories":[77,3],"tags":[1050,230,78,79,82,219,80],"class_list":["post-12819","post","type-post","status-publish","format-standard","has-post-thumbnail","hentry","category-rok-2011","category-tramwaj","tag-2011-07-25","tag-infrastruktura","tag-norwegia","tag-oslo","tag-oslotrikken","tag-przystanek","tag-sl95"],"_links":{"self":[{"href":"https:\/\/wgphoto.pl\/t\/index.php?rest_route=\/wp\/v2\/posts\/12819","targetHints":{"allow":["GET"]}}],"collection":[{"href":"https:\/\/wgphoto.pl\/t\/index.php?rest_route=\/wp\/v2\/posts"}],"about":[{"href":"https:\/\/wgphoto.pl\/t\/index.php?rest_route=\/wp\/v2\/types\/post"}],"author":[{"embeddable":true,"href":"https:\/\/wgphoto.pl\/t\/index.php?rest_route=\/wp\/v2\/users\/1"}],"replies":[{"embeddable":true,"href":"https:\/\/wgphoto.pl\/t\/index.php?rest_route=%2Fwp%2Fv2%2Fcomments&post=12819"}],"version-history":[{"count":1,"href":"https:\/\/wgphoto.pl\/t\/index.php?rest_route=\/wp\/v2\/posts\/12819\/revisions"}],"predecessor-version":[{"id":12821,"href":"https:\/\/wgphoto.pl\/t\/index.php?rest_route=\/wp\/v2\/posts\/12819\/revisions\/12821"}],"wp:featuredmedia":[{"embeddable":true,"href":"https:\/\/wgphoto.pl\/t\/index.php?rest_route=\/wp\/v2\/media\/12820"}],"wp:attachment":[{"href":"https:\/\/wgphoto.pl\/t\/index.php?rest_route=%2Fwp%2Fv2%2Fmedia&parent=12819"}],"wp:term":[{"taxonomy":"category","embeddable":true,"href":"https:\/\/wgphoto.pl\/t\/index.php?rest_route=%2Fwp%2Fv2%2Fcategories&post=12819"},{"taxonomy":"post_tag","embeddable":true,"href":"https:\/\/wgphoto.pl\/t\/index.php?rest_route=%2Fwp%2Fv2%2Ftags&post=12819"}],"curies":[{"name":"wp","href":"https:\/\/api.w.org\/{rel}","templated":true}]}}