{"id":12828,"date":"2025-02-23T13:56:17","date_gmt":"2025-02-23T12:56:17","guid":{"rendered":"https:\/\/wgphoto.pl\/t\/?p=12828"},"modified":"2025-02-23T13:56:17","modified_gmt":"2025-02-23T12:56:17","slug":"rygge-raz","status":"publish","type":"post","link":"https:\/\/wgphoto.pl\/t\/?p=12828","title":{"rendered":"Rygge raz"},"content":{"rendered":"\n<figure class=\"wp-block-image aligncenter size-full\"><img loading=\"lazy\" decoding=\"async\" width=\"1024\" height=\"683\" src=\"https:\/\/wgphoto.pl\/t\/wp-content\/uploads\/2025\/02\/imgp0756-1.jpg\" alt=\"\" class=\"wp-image-12829\" srcset=\"https:\/\/wgphoto.pl\/t\/wp-content\/uploads\/2025\/02\/imgp0756-1.jpg 1024w, https:\/\/wgphoto.pl\/t\/wp-content\/uploads\/2025\/02\/imgp0756-1-300x200.jpg 300w, https:\/\/wgphoto.pl\/t\/wp-content\/uploads\/2025\/02\/imgp0756-1-768x512.jpg 768w\" sizes=\"auto, (max-width: 1024px) 100vw, 1024px\" \/><\/figure>\n\n\n\n<div class=\"wp-block-group has-global-padding is-layout-constrained wp-block-group-is-layout-constrained\">\n<p>Wieczorny poci\u0105g z G\u00f6teborga do Oslo S odjecha\u0142 z przystanku Rygge. 20.05.2011<\/p>\n<\/div>\n","protected":false},"excerpt":{"rendered":"<p>Wieczorny poci\u0105g z G\u00f6teborga do Oslo S odjecha\u0142 z przystanku Rygge. 20.05.2011<\/p>\n","protected":false},"author":1,"featured_media":12829,"comment_status":"open","ping_status":"","sticky":false,"template":"","format":"standard","meta":{"footnotes":""},"categories":[2,77],"tags":[3279,91,173,78,3280,118,3278,90],"class_list":["post-12828","post","type-post","status-publish","format-standard","has-post-thumbnail","hentry","category-kolej","category-rok-2011","tag-2011-05-20","tag-blue-hour","tag-koncowki","tag-norwegia","tag-nsb","tag-plany-i-profile","tag-rygge","tag-wieczorem"],"_links":{"self":[{"href":"https:\/\/wgphoto.pl\/t\/index.php?rest_route=\/wp\/v2\/posts\/12828","targetHints":{"allow":["GET"]}}],"collection":[{"href":"https:\/\/wgphoto.pl\/t\/index.php?rest_route=\/wp\/v2\/posts"}],"about":[{"href":"https:\/\/wgphoto.pl\/t\/index.php?rest_route=\/wp\/v2\/types\/post"}],"author":[{"embeddable":true,"href":"https:\/\/wgphoto.pl\/t\/index.php?rest_route=\/wp\/v2\/users\/1"}],"replies":[{"embeddable":true,"href":"https:\/\/wgphoto.pl\/t\/index.php?rest_route=%2Fwp%2Fv2%2Fcomments&post=12828"}],"version-history":[{"count":1,"href":"https:\/\/wgphoto.pl\/t\/index.php?rest_route=\/wp\/v2\/posts\/12828\/revisions"}],"predecessor-version":[{"id":12830,"href":"https:\/\/wgphoto.pl\/t\/index.php?rest_route=\/wp\/v2\/posts\/12828\/revisions\/12830"}],"wp:featuredmedia":[{"embeddable":true,"href":"https:\/\/wgphoto.pl\/t\/index.php?rest_route=\/wp\/v2\/media\/12829"}],"wp:attachment":[{"href":"https:\/\/wgphoto.pl\/t\/index.php?rest_route=%2Fwp%2Fv2%2Fmedia&parent=12828"}],"wp:term":[{"taxonomy":"category","embeddable":true,"href":"https:\/\/wgphoto.pl\/t\/index.php?rest_route=%2Fwp%2Fv2%2Fcategories&post=12828"},{"taxonomy":"post_tag","embeddable":true,"href":"https:\/\/wgphoto.pl\/t\/index.php?rest_route=%2Fwp%2Fv2%2Ftags&post=12828"}],"curies":[{"name":"wp","href":"https:\/\/api.w.org\/{rel}","templated":true}]}}