{"id":12831,"date":"2025-02-23T13:57:22","date_gmt":"2025-02-23T12:57:22","guid":{"rendered":"https:\/\/wgphoto.pl\/t\/?p=12831"},"modified":"2025-02-23T13:57:22","modified_gmt":"2025-02-23T12:57:22","slug":"rygge-dwa","status":"publish","type":"post","link":"https:\/\/wgphoto.pl\/t\/?p=12831","title":{"rendered":"Rygge dwa"},"content":{"rendered":"\n<figure class=\"wp-block-image aligncenter size-full\"><img loading=\"lazy\" decoding=\"async\" width=\"1024\" height=\"680\" src=\"https:\/\/wgphoto.pl\/t\/wp-content\/uploads\/2025\/02\/imgp0740.jpg\" alt=\"\" class=\"wp-image-12832\" srcset=\"https:\/\/wgphoto.pl\/t\/wp-content\/uploads\/2025\/02\/imgp0740.jpg 1024w, https:\/\/wgphoto.pl\/t\/wp-content\/uploads\/2025\/02\/imgp0740-300x199.jpg 300w, https:\/\/wgphoto.pl\/t\/wp-content\/uploads\/2025\/02\/imgp0740-768x510.jpg 768w\" sizes=\"auto, (max-width: 1024px) 100vw, 1024px\" \/><\/figure>\n\n\n\n<div class=\"wp-block-group has-global-padding is-layout-constrained wp-block-group-is-layout-constrained\">\n<p>Regiontog 130 z Halden do Oslo S hamuje przed przystankiem Rygge, sk\u0105d bezp\u0142atny autobus, skomunikowany z poci\u0105gami, dowozi ch\u0119tnych na odleg\u0142e o kilka kilometr\u00f3w lotnisko. 20.05.2011<\/p>\n<\/div>\n","protected":false},"excerpt":{"rendered":"<p>Regiontog 130 z Halden do Oslo S hamuje przed przystankiem Rygge, sk\u0105d bezp\u0142atny autobus, skomunikowany z poci\u0105gami, dowozi ch\u0119tnych na odleg\u0142e o kilka kilometr\u00f3w lotnisko. 20.05.2011<\/p>\n","protected":false},"author":1,"featured_media":12832,"comment_status":"open","ping_status":"","sticky":false,"template":"","format":"standard","meta":{"footnotes":""},"categories":[2,77],"tags":[3279,78,3280,118,3278],"class_list":["post-12831","post","type-post","status-publish","format-standard","has-post-thumbnail","hentry","category-kolej","category-rok-2011","tag-2011-05-20","tag-norwegia","tag-nsb","tag-plany-i-profile","tag-rygge"],"_links":{"self":[{"href":"https:\/\/wgphoto.pl\/t\/index.php?rest_route=\/wp\/v2\/posts\/12831","targetHints":{"allow":["GET"]}}],"collection":[{"href":"https:\/\/wgphoto.pl\/t\/index.php?rest_route=\/wp\/v2\/posts"}],"about":[{"href":"https:\/\/wgphoto.pl\/t\/index.php?rest_route=\/wp\/v2\/types\/post"}],"author":[{"embeddable":true,"href":"https:\/\/wgphoto.pl\/t\/index.php?rest_route=\/wp\/v2\/users\/1"}],"replies":[{"embeddable":true,"href":"https:\/\/wgphoto.pl\/t\/index.php?rest_route=%2Fwp%2Fv2%2Fcomments&post=12831"}],"version-history":[{"count":1,"href":"https:\/\/wgphoto.pl\/t\/index.php?rest_route=\/wp\/v2\/posts\/12831\/revisions"}],"predecessor-version":[{"id":12833,"href":"https:\/\/wgphoto.pl\/t\/index.php?rest_route=\/wp\/v2\/posts\/12831\/revisions\/12833"}],"wp:featuredmedia":[{"embeddable":true,"href":"https:\/\/wgphoto.pl\/t\/index.php?rest_route=\/wp\/v2\/media\/12832"}],"wp:attachment":[{"href":"https:\/\/wgphoto.pl\/t\/index.php?rest_route=%2Fwp%2Fv2%2Fmedia&parent=12831"}],"wp:term":[{"taxonomy":"category","embeddable":true,"href":"https:\/\/wgphoto.pl\/t\/index.php?rest_route=%2Fwp%2Fv2%2Fcategories&post=12831"},{"taxonomy":"post_tag","embeddable":true,"href":"https:\/\/wgphoto.pl\/t\/index.php?rest_route=%2Fwp%2Fv2%2Ftags&post=12831"}],"curies":[{"name":"wp","href":"https:\/\/api.w.org\/{rel}","templated":true}]}}