{"id":12837,"date":"2025-02-23T13:59:23","date_gmt":"2025-02-23T12:59:23","guid":{"rendered":"https:\/\/wgphoto.pl\/t\/?p=12837"},"modified":"2025-02-23T13:59:23","modified_gmt":"2025-02-23T12:59:23","slug":"uwiezione-w-lillestrom","status":"publish","type":"post","link":"https:\/\/wgphoto.pl\/t\/?p=12837","title":{"rendered":"Uwi\u0119zione w Lillestr\u00f8m"},"content":{"rendered":"\n<figure class=\"wp-block-image aligncenter size-full\"><img loading=\"lazy\" decoding=\"async\" width=\"1200\" height=\"803\" src=\"https:\/\/wgphoto.pl\/t\/wp-content\/uploads\/2025\/02\/imgp2216-11.jpg\" alt=\"\" class=\"wp-image-12838\" srcset=\"https:\/\/wgphoto.pl\/t\/wp-content\/uploads\/2025\/02\/imgp2216-11.jpg 1200w, https:\/\/wgphoto.pl\/t\/wp-content\/uploads\/2025\/02\/imgp2216-11-300x201.jpg 300w, https:\/\/wgphoto.pl\/t\/wp-content\/uploads\/2025\/02\/imgp2216-11-768x514.jpg 768w\" sizes=\"auto, (max-width: 1200px) 100vw, 1200px\" \/><\/figure>\n\n\n\n<div class=\"wp-block-group has-global-padding is-layout-constrained wp-block-group-is-layout-constrained\">\n<p>Sk\u0142ady poci\u0105g\u00f3w lotniskowych, \u0142\u0105cz\u0105cych na co dzie\u0144 Oslo z portem lotniczym Gardermoen, zosta\u0142y &#8222;uwi\u0119zione&#8221; na stacji w Lillestr\u00f8m. Z powodu zagro\u017cenia atakami terrorystycznymi ca\u0142kowicie zamkni\u0119to stacj\u0119 zlokalizowan\u0105 dok\u0142adnie pod terminalem. Podr\u00f3\u017cni byli dowo\u017ceni na lotnisko autobusami i taks\u00f3wkami, a poci\u0105gi jad\u0105ce dalej na p\u00f3\u0142noc, tranzytem przez lotnisko, skierowano objazdem boczn\u0105 tras\u0105 przez Dal. 22.07.2011<\/p>\n<\/div>\n","protected":false},"excerpt":{"rendered":"<p>Sk\u0142ady poci\u0105g\u00f3w lotniskowych, \u0142\u0105cz\u0105cych na co dzie\u0144 Oslo z portem lotniczym Gardermoen, zosta\u0142y &#8222;uwi\u0119zione&#8221; na stacji w Lillestr\u00f8m. Z powodu zagro\u017cenia atakami terrorystycznymi ca\u0142kowicie zamkni\u0119to stacj\u0119 zlokalizowan\u0105 dok\u0142adnie pod terminalem. Podr\u00f3\u017cni byli dowo\u017ceni na lotnisko autobusami i taks\u00f3wkami, a poci\u0105gi jad\u0105ce dalej na p\u00f3\u0142noc, tranzytem przez lotnisko, skierowano objazdem boczn\u0105 tras\u0105 przez Dal. 22.07.2011<\/p>\n","protected":false},"author":1,"featured_media":12838,"comment_status":"open","ping_status":"","sticky":false,"template":"","format":"standard","meta":{"footnotes":""},"categories":[2,77],"tags":[3282,3281,78,3280,24],"class_list":["post-12837","post","type-post","status-publish","format-standard","has-post-thumbnail","hentry","category-kolej","category-rok-2011","tag-2011-07-22","tag-lillestrom","tag-norwegia","tag-nsb","tag-perony"],"_links":{"self":[{"href":"https:\/\/wgphoto.pl\/t\/index.php?rest_route=\/wp\/v2\/posts\/12837","targetHints":{"allow":["GET"]}}],"collection":[{"href":"https:\/\/wgphoto.pl\/t\/index.php?rest_route=\/wp\/v2\/posts"}],"about":[{"href":"https:\/\/wgphoto.pl\/t\/index.php?rest_route=\/wp\/v2\/types\/post"}],"author":[{"embeddable":true,"href":"https:\/\/wgphoto.pl\/t\/index.php?rest_route=\/wp\/v2\/users\/1"}],"replies":[{"embeddable":true,"href":"https:\/\/wgphoto.pl\/t\/index.php?rest_route=%2Fwp%2Fv2%2Fcomments&post=12837"}],"version-history":[{"count":1,"href":"https:\/\/wgphoto.pl\/t\/index.php?rest_route=\/wp\/v2\/posts\/12837\/revisions"}],"predecessor-version":[{"id":12839,"href":"https:\/\/wgphoto.pl\/t\/index.php?rest_route=\/wp\/v2\/posts\/12837\/revisions\/12839"}],"wp:featuredmedia":[{"embeddable":true,"href":"https:\/\/wgphoto.pl\/t\/index.php?rest_route=\/wp\/v2\/media\/12838"}],"wp:attachment":[{"href":"https:\/\/wgphoto.pl\/t\/index.php?rest_route=%2Fwp%2Fv2%2Fmedia&parent=12837"}],"wp:term":[{"taxonomy":"category","embeddable":true,"href":"https:\/\/wgphoto.pl\/t\/index.php?rest_route=%2Fwp%2Fv2%2Fcategories&post=12837"},{"taxonomy":"post_tag","embeddable":true,"href":"https:\/\/wgphoto.pl\/t\/index.php?rest_route=%2Fwp%2Fv2%2Ftags&post=12837"}],"curies":[{"name":"wp","href":"https:\/\/api.w.org\/{rel}","templated":true}]}}