{"id":12852,"date":"2025-02-23T14:04:22","date_gmt":"2025-02-23T13:04:22","guid":{"rendered":"https:\/\/wgphoto.pl\/t\/?p=12852"},"modified":"2025-02-23T14:04:22","modified_gmt":"2025-02-23T13:04:22","slug":"mgla","status":"publish","type":"post","link":"https:\/\/wgphoto.pl\/t\/?p=12852","title":{"rendered":"Mg\u0142a"},"content":{"rendered":"\n<figure class=\"wp-block-image aligncenter size-full\"><img loading=\"lazy\" decoding=\"async\" width=\"1024\" height=\"686\" src=\"https:\/\/wgphoto.pl\/t\/wp-content\/uploads\/2025\/02\/imgp8003.jpg\" alt=\"\" class=\"wp-image-12853\" srcset=\"https:\/\/wgphoto.pl\/t\/wp-content\/uploads\/2025\/02\/imgp8003.jpg 1024w, https:\/\/wgphoto.pl\/t\/wp-content\/uploads\/2025\/02\/imgp8003-300x201.jpg 300w, https:\/\/wgphoto.pl\/t\/wp-content\/uploads\/2025\/02\/imgp8003-768x515.jpg 768w\" sizes=\"auto, (max-width: 1024px) 100vw, 1024px\" \/><\/figure>\n\n\n\n<div class=\"wp-block-group has-global-padding is-layout-constrained wp-block-group-is-layout-constrained\">\n<p>Chwili przerwy na ulicy Gwareckiej nie mog\u0142em wykorzysta\u0107 inaczej ni\u017c fotografuj\u0105c pi\u0119kne obrazy tworzone przez porann\u0105 mg\u0142\u0119 podnosz\u0105c\u0105 si\u0119 znad \u015al\u0119zy. 08.05.2012<\/p>\n<\/div>\n","protected":false},"excerpt":{"rendered":"<p>Chwili przerwy na ulicy Gwareckiej nie mog\u0142em wykorzysta\u0107 inaczej ni\u017c fotografuj\u0105c pi\u0119kne obrazy tworzone przez porann\u0105 mg\u0142\u0119 podnosz\u0105c\u0105 si\u0119 znad \u015al\u0119zy. 08.05.2012<\/p>\n","protected":false},"author":1,"featured_media":12853,"comment_status":"open","ping_status":"","sticky":false,"template":"","format":"standard","meta":{"footnotes":""},"categories":[46,3],"tags":[3285,821,42,27,176,1493,216,439,41],"class_list":["post-12852","post","type-post","status-publish","format-standard","has-post-thumbnail","hentry","category-rok-2012","category-tramwaj","tag-2012-05-08","tag-mgla","tag-mpk-wroclaw","tag-polska","tag-rano","tag-skoda-19t","tag-skoda-elektra","tag-we-fabryce","tag-wroclaw"],"_links":{"self":[{"href":"https:\/\/wgphoto.pl\/t\/index.php?rest_route=\/wp\/v2\/posts\/12852","targetHints":{"allow":["GET"]}}],"collection":[{"href":"https:\/\/wgphoto.pl\/t\/index.php?rest_route=\/wp\/v2\/posts"}],"about":[{"href":"https:\/\/wgphoto.pl\/t\/index.php?rest_route=\/wp\/v2\/types\/post"}],"author":[{"embeddable":true,"href":"https:\/\/wgphoto.pl\/t\/index.php?rest_route=\/wp\/v2\/users\/1"}],"replies":[{"embeddable":true,"href":"https:\/\/wgphoto.pl\/t\/index.php?rest_route=%2Fwp%2Fv2%2Fcomments&post=12852"}],"version-history":[{"count":1,"href":"https:\/\/wgphoto.pl\/t\/index.php?rest_route=\/wp\/v2\/posts\/12852\/revisions"}],"predecessor-version":[{"id":12854,"href":"https:\/\/wgphoto.pl\/t\/index.php?rest_route=\/wp\/v2\/posts\/12852\/revisions\/12854"}],"wp:featuredmedia":[{"embeddable":true,"href":"https:\/\/wgphoto.pl\/t\/index.php?rest_route=\/wp\/v2\/media\/12853"}],"wp:attachment":[{"href":"https:\/\/wgphoto.pl\/t\/index.php?rest_route=%2Fwp%2Fv2%2Fmedia&parent=12852"}],"wp:term":[{"taxonomy":"category","embeddable":true,"href":"https:\/\/wgphoto.pl\/t\/index.php?rest_route=%2Fwp%2Fv2%2Fcategories&post=12852"},{"taxonomy":"post_tag","embeddable":true,"href":"https:\/\/wgphoto.pl\/t\/index.php?rest_route=%2Fwp%2Fv2%2Ftags&post=12852"}],"curies":[{"name":"wp","href":"https:\/\/api.w.org\/{rel}","templated":true}]}}