{"id":12864,"date":"2025-02-23T14:10:49","date_gmt":"2025-02-23T13:10:49","guid":{"rendered":"https:\/\/wgphoto.pl\/t\/?p=12864"},"modified":"2025-02-23T14:10:49","modified_gmt":"2025-02-23T13:10:49","slug":"rozowy-2","status":"publish","type":"post","link":"https:\/\/wgphoto.pl\/t\/?p=12864","title":{"rendered":"R\u00f3\u017cowy"},"content":{"rendered":"\n<figure class=\"wp-block-image aligncenter size-full\"><img loading=\"lazy\" decoding=\"async\" width=\"1400\" height=\"937\" src=\"https:\/\/wgphoto.pl\/t\/wp-content\/uploads\/2025\/02\/IMGP6424.jpg\" alt=\"\" class=\"wp-image-12865\" srcset=\"https:\/\/wgphoto.pl\/t\/wp-content\/uploads\/2025\/02\/IMGP6424.jpg 1400w, https:\/\/wgphoto.pl\/t\/wp-content\/uploads\/2025\/02\/IMGP6424-300x201.jpg 300w, https:\/\/wgphoto.pl\/t\/wp-content\/uploads\/2025\/02\/IMGP6424-768x514.jpg 768w\" sizes=\"auto, (max-width: 1400px) 100vw, 1400px\" \/><\/figure>\n\n\n\n<div class=\"wp-block-group has-global-padding is-layout-constrained wp-block-group-is-layout-constrained\">\n<p>Wroc\u0142aw, ul. \u015awieradowska, 19T 3127 &#8211; bo jaki\u017c by inny. Mro\u017any cho\u0107 bez\u015bnie\u017cny poranek na chwil\u0119 przed wschodem s\u0142o\u0144ca. Mo\u017cecie wierzy\u0107 albo nie, ale niebo przybra\u0142o wtedy wyj\u0105tkowo intensywny kolor. 29.01.2012<\/p>\n<\/div>\n","protected":false},"excerpt":{"rendered":"<p>Wroc\u0142aw, ul. \u015awieradowska, 19T 3127 &#8211; bo jaki\u017c by inny. Mro\u017any cho\u0107 bez\u015bnie\u017cny poranek na chwil\u0119 przed wschodem s\u0142o\u0144ca. Mo\u017cecie wierzy\u0107 albo nie, ale niebo przybra\u0142o wtedy wyj\u0105tkowo intensywny kolor. 29.01.2012<\/p>\n","protected":false},"author":1,"featured_media":12865,"comment_status":"open","ping_status":"","sticky":false,"template":"","format":"standard","meta":{"footnotes":""},"categories":[46,3],"tags":[3289,42,162,27,176,1493,216,439,41],"class_list":["post-12864","post","type-post","status-publish","format-standard","has-post-thumbnail","hentry","category-rok-2012","category-tramwaj","tag-2012-01-29","tag-mpk-wroclaw","tag-niebo","tag-polska","tag-rano","tag-skoda-19t","tag-skoda-elektra","tag-we-fabryce","tag-wroclaw"],"_links":{"self":[{"href":"https:\/\/wgphoto.pl\/t\/index.php?rest_route=\/wp\/v2\/posts\/12864","targetHints":{"allow":["GET"]}}],"collection":[{"href":"https:\/\/wgphoto.pl\/t\/index.php?rest_route=\/wp\/v2\/posts"}],"about":[{"href":"https:\/\/wgphoto.pl\/t\/index.php?rest_route=\/wp\/v2\/types\/post"}],"author":[{"embeddable":true,"href":"https:\/\/wgphoto.pl\/t\/index.php?rest_route=\/wp\/v2\/users\/1"}],"replies":[{"embeddable":true,"href":"https:\/\/wgphoto.pl\/t\/index.php?rest_route=%2Fwp%2Fv2%2Fcomments&post=12864"}],"version-history":[{"count":1,"href":"https:\/\/wgphoto.pl\/t\/index.php?rest_route=\/wp\/v2\/posts\/12864\/revisions"}],"predecessor-version":[{"id":12866,"href":"https:\/\/wgphoto.pl\/t\/index.php?rest_route=\/wp\/v2\/posts\/12864\/revisions\/12866"}],"wp:featuredmedia":[{"embeddable":true,"href":"https:\/\/wgphoto.pl\/t\/index.php?rest_route=\/wp\/v2\/media\/12865"}],"wp:attachment":[{"href":"https:\/\/wgphoto.pl\/t\/index.php?rest_route=%2Fwp%2Fv2%2Fmedia&parent=12864"}],"wp:term":[{"taxonomy":"category","embeddable":true,"href":"https:\/\/wgphoto.pl\/t\/index.php?rest_route=%2Fwp%2Fv2%2Fcategories&post=12864"},{"taxonomy":"post_tag","embeddable":true,"href":"https:\/\/wgphoto.pl\/t\/index.php?rest_route=%2Fwp%2Fv2%2Ftags&post=12864"}],"curies":[{"name":"wp","href":"https:\/\/api.w.org\/{rel}","templated":true}]}}