{"id":12867,"date":"2025-02-24T17:31:49","date_gmt":"2025-02-24T16:31:49","guid":{"rendered":"https:\/\/wgphoto.pl\/t\/?p=12867"},"modified":"2025-02-24T17:31:49","modified_gmt":"2025-02-24T16:31:49","slug":"gdy-bylem-piec-lat-mlodszy","status":"publish","type":"post","link":"https:\/\/wgphoto.pl\/t\/?p=12867","title":{"rendered":"Gdy by\u0142em pi\u0119\u0107 lat m\u0142odszy"},"content":{"rendered":"\n<figure class=\"wp-block-image aligncenter size-full\"><img loading=\"lazy\" decoding=\"async\" width=\"990\" height=\"660\" src=\"https:\/\/wgphoto.pl\/t\/wp-content\/uploads\/2025\/02\/dscf6934.jpg\" alt=\"\" class=\"wp-image-12868\" srcset=\"https:\/\/wgphoto.pl\/t\/wp-content\/uploads\/2025\/02\/dscf6934.jpg 990w, https:\/\/wgphoto.pl\/t\/wp-content\/uploads\/2025\/02\/dscf6934-300x200.jpg 300w, https:\/\/wgphoto.pl\/t\/wp-content\/uploads\/2025\/02\/dscf6934-768x512.jpg 768w\" sizes=\"auto, (max-width: 990px) 100vw, 990px\" \/><\/figure>\n\n\n\n<div class=\"wp-block-group has-global-padding is-layout-constrained wp-block-group-is-layout-constrained\">\n<p>Gliwice, ul. Chorzowska. Stodw\u00f3jka wje\u017cd\u017ca na wiadukt nad bocznic\u0105 kolejow\u0105. [opis z 2013] Przez 5 lat troch\u0119 si\u0119 pozmienia\u0142o: nie ma ju\u017c tramwaj\u00f3w w Gliwicach, nie ma te\u017c w GOPie liniowych stodw\u00f3jek. A na ca\u0142ej imprezie z powodu t\u0142um\u00f3w (dwa wagony pe\u0142ne ludzi) uda\u0142o mi si\u0119 zrobi\u0107 tylko te kilka mniej lub bardziej sensownych zdj\u0119\u0107. 2008-05-10<\/p>\n<\/div>\n","protected":false},"excerpt":{"rendered":"<p>Gliwice, ul. Chorzowska. Stodw\u00f3jka wje\u017cd\u017ca na wiadukt nad bocznic\u0105 kolejow\u0105. [opis z 2013] Przez 5 lat troch\u0119 si\u0119 pozmienia\u0142o: nie ma ju\u017c tramwaj\u00f3w w Gliwicach, nie ma te\u017c w GOPie liniowych stodw\u00f3jek. A na ca\u0142ej imprezie z powodu t\u0142um\u00f3w (dwa wagony pe\u0142ne ludzi) uda\u0142o mi si\u0119 zrobi\u0107 tylko te kilka mniej lub bardziej sensownych zdj\u0119\u0107. [&hellip;]<\/p>\n","protected":false},"author":1,"featured_media":12868,"comment_status":"open","ping_status":"","sticky":false,"template":"","format":"standard","meta":{"footnotes":""},"categories":[120,3],"tags":[2301,1080,277,309,27,893,279],"class_list":["post-12867","post","type-post","status-publish","format-standard","has-post-thumbnail","hentry","category-rok-2008","category-tramwaj","tag-2008-05-10","tag-gliwice","tag-gop","tag-konstal-102na","tag-polska","tag-przejazd-specjalny","tag-tramwaje-slaskie"],"_links":{"self":[{"href":"https:\/\/wgphoto.pl\/t\/index.php?rest_route=\/wp\/v2\/posts\/12867","targetHints":{"allow":["GET"]}}],"collection":[{"href":"https:\/\/wgphoto.pl\/t\/index.php?rest_route=\/wp\/v2\/posts"}],"about":[{"href":"https:\/\/wgphoto.pl\/t\/index.php?rest_route=\/wp\/v2\/types\/post"}],"author":[{"embeddable":true,"href":"https:\/\/wgphoto.pl\/t\/index.php?rest_route=\/wp\/v2\/users\/1"}],"replies":[{"embeddable":true,"href":"https:\/\/wgphoto.pl\/t\/index.php?rest_route=%2Fwp%2Fv2%2Fcomments&post=12867"}],"version-history":[{"count":1,"href":"https:\/\/wgphoto.pl\/t\/index.php?rest_route=\/wp\/v2\/posts\/12867\/revisions"}],"predecessor-version":[{"id":12869,"href":"https:\/\/wgphoto.pl\/t\/index.php?rest_route=\/wp\/v2\/posts\/12867\/revisions\/12869"}],"wp:featuredmedia":[{"embeddable":true,"href":"https:\/\/wgphoto.pl\/t\/index.php?rest_route=\/wp\/v2\/media\/12868"}],"wp:attachment":[{"href":"https:\/\/wgphoto.pl\/t\/index.php?rest_route=%2Fwp%2Fv2%2Fmedia&parent=12867"}],"wp:term":[{"taxonomy":"category","embeddable":true,"href":"https:\/\/wgphoto.pl\/t\/index.php?rest_route=%2Fwp%2Fv2%2Fcategories&post=12867"},{"taxonomy":"post_tag","embeddable":true,"href":"https:\/\/wgphoto.pl\/t\/index.php?rest_route=%2Fwp%2Fv2%2Ftags&post=12867"}],"curies":[{"name":"wp","href":"https:\/\/api.w.org\/{rel}","templated":true}]}}