{"id":12870,"date":"2025-02-24T17:32:58","date_gmt":"2025-02-24T16:32:58","guid":{"rendered":"https:\/\/wgphoto.pl\/t\/?p=12870"},"modified":"2025-02-24T17:32:58","modified_gmt":"2025-02-24T16:32:58","slug":"tuneliki","status":"publish","type":"post","link":"https:\/\/wgphoto.pl\/t\/?p=12870","title":{"rendered":"Tuneliki"},"content":{"rendered":"\n<figure class=\"wp-block-image aligncenter size-full\"><img loading=\"lazy\" decoding=\"async\" width=\"990\" height=\"660\" src=\"https:\/\/wgphoto.pl\/t\/wp-content\/uploads\/2025\/02\/dscf6912.jpg\" alt=\"\" class=\"wp-image-12871\" srcset=\"https:\/\/wgphoto.pl\/t\/wp-content\/uploads\/2025\/02\/dscf6912.jpg 990w, https:\/\/wgphoto.pl\/t\/wp-content\/uploads\/2025\/02\/dscf6912-300x200.jpg 300w, https:\/\/wgphoto.pl\/t\/wp-content\/uploads\/2025\/02\/dscf6912-768x512.jpg 768w\" sizes=\"auto, (max-width: 990px) 100vw, 990px\" \/><\/figure>\n\n\n\n<div class=\"wp-block-group has-global-padding is-layout-constrained wp-block-group-is-layout-constrained\">\n<p>Imprezowa stodw\u00f3jka, udaj\u0105ca tramwaj liniowy, przeje\u017cd\u017ca przez s\u0142ynne &#8222;tuneliki&#8221; w Chebziu. Na s\u0142upie zawieszony jest tramwajowy znak &#8222;stop&#8221;, maj\u0105cy zapewne na celu zapobieganie ewentualnym zderzeniom czo\u0142owym w miejscu o nik\u0142ej widoczno\u015bci. 2008-05-10<\/p>\n<\/div>\n","protected":false},"excerpt":{"rendered":"<p>Imprezowa stodw\u00f3jka, udaj\u0105ca tramwaj liniowy, przeje\u017cd\u017ca przez s\u0142ynne &#8222;tuneliki&#8221; w Chebziu. Na s\u0142upie zawieszony jest tramwajowy znak &#8222;stop&#8221;, maj\u0105cy zapewne na celu zapobieganie ewentualnym zderzeniom czo\u0142owym w miejscu o nik\u0142ej widoczno\u015bci. 2008-05-10<\/p>\n","protected":false},"author":1,"featured_media":12871,"comment_status":"open","ping_status":"","sticky":false,"template":"","format":"standard","meta":{"footnotes":""},"categories":[120,3],"tags":[2301,277,230,309,27,893,905,1842,279],"class_list":["post-12870","post","type-post","status-publish","format-standard","has-post-thumbnail","hentry","category-rok-2008","category-tramwaj","tag-2008-05-10","tag-gop","tag-infrastruktura","tag-konstal-102na","tag-polska","tag-przejazd-specjalny","tag-przez","tag-ruda-slaska","tag-tramwaje-slaskie"],"_links":{"self":[{"href":"https:\/\/wgphoto.pl\/t\/index.php?rest_route=\/wp\/v2\/posts\/12870","targetHints":{"allow":["GET"]}}],"collection":[{"href":"https:\/\/wgphoto.pl\/t\/index.php?rest_route=\/wp\/v2\/posts"}],"about":[{"href":"https:\/\/wgphoto.pl\/t\/index.php?rest_route=\/wp\/v2\/types\/post"}],"author":[{"embeddable":true,"href":"https:\/\/wgphoto.pl\/t\/index.php?rest_route=\/wp\/v2\/users\/1"}],"replies":[{"embeddable":true,"href":"https:\/\/wgphoto.pl\/t\/index.php?rest_route=%2Fwp%2Fv2%2Fcomments&post=12870"}],"version-history":[{"count":1,"href":"https:\/\/wgphoto.pl\/t\/index.php?rest_route=\/wp\/v2\/posts\/12870\/revisions"}],"predecessor-version":[{"id":12872,"href":"https:\/\/wgphoto.pl\/t\/index.php?rest_route=\/wp\/v2\/posts\/12870\/revisions\/12872"}],"wp:featuredmedia":[{"embeddable":true,"href":"https:\/\/wgphoto.pl\/t\/index.php?rest_route=\/wp\/v2\/media\/12871"}],"wp:attachment":[{"href":"https:\/\/wgphoto.pl\/t\/index.php?rest_route=%2Fwp%2Fv2%2Fmedia&parent=12870"}],"wp:term":[{"taxonomy":"category","embeddable":true,"href":"https:\/\/wgphoto.pl\/t\/index.php?rest_route=%2Fwp%2Fv2%2Fcategories&post=12870"},{"taxonomy":"post_tag","embeddable":true,"href":"https:\/\/wgphoto.pl\/t\/index.php?rest_route=%2Fwp%2Fv2%2Ftags&post=12870"}],"curies":[{"name":"wp","href":"https:\/\/api.w.org\/{rel}","templated":true}]}}