{"id":12891,"date":"2025-02-24T17:40:37","date_gmt":"2025-02-24T16:40:37","guid":{"rendered":"https:\/\/wgphoto.pl\/t\/?p=12891"},"modified":"2025-02-24T17:40:37","modified_gmt":"2025-02-24T16:40:37","slug":"panda","status":"publish","type":"post","link":"https:\/\/wgphoto.pl\/t\/?p=12891","title":{"rendered":"Panda"},"content":{"rendered":"\n<figure class=\"wp-block-image aligncenter size-full\"><img loading=\"lazy\" decoding=\"async\" width=\"1300\" height=\"870\" src=\"https:\/\/wgphoto.pl\/t\/wp-content\/uploads\/2025\/02\/imgp7282.jpg\" alt=\"\" class=\"wp-image-12892\" srcset=\"https:\/\/wgphoto.pl\/t\/wp-content\/uploads\/2025\/02\/imgp7282.jpg 1300w, https:\/\/wgphoto.pl\/t\/wp-content\/uploads\/2025\/02\/imgp7282-300x201.jpg 300w, https:\/\/wgphoto.pl\/t\/wp-content\/uploads\/2025\/02\/imgp7282-768x514.jpg 768w\" sizes=\"auto, (max-width: 1300px) 100vw, 1300px\" \/><\/figure>\n\n\n\n<div class=\"wp-block-group has-global-padding is-layout-constrained wp-block-group-is-layout-constrained\">\n<p>Sassari, Via Sant Anna. Metrotramwaj (w\u00f3z SS03) w\u015br\u00f3d \u015br\u00f3dmiejskiej zabudowy. Nie ma to jak nazwa\u0107 metrem zwyczajny tramwaj, kursuj\u0105cy z do\u015b\u0107 kiepsk\u0105 cz\u0119stotliwo\u015bci\u0105 (rz\u0119du 20-25 minut), zak\u0142\u00f3can\u0105 dodatkowo dzi\u0119ki ma\u0142ej liczbie mijanek na ca\u0142kowicie jednotorowej trasie. 2012-03-23<\/p>\n<\/div>\n","protected":false},"excerpt":{"rendered":"<p>Sassari, Via Sant Anna. Metrotramwaj (w\u00f3z SS03) w\u015br\u00f3d \u015br\u00f3dmiejskiej zabudowy. Nie ma to jak nazwa\u0107 metrem zwyczajny tramwaj, kursuj\u0105cy z do\u015b\u0107 kiepsk\u0105 cz\u0119stotliwo\u015bci\u0105 (rz\u0119du 20-25 minut), zak\u0142\u00f3can\u0105 dodatkowo dzi\u0119ki ma\u0142ej liczbie mijanek na ca\u0142kowicie jednotorowej trasie. 2012-03-23<\/p>\n","protected":false},"author":1,"featured_media":12892,"comment_status":"open","ping_status":"","sticky":false,"template":"","format":"standard","meta":{"footnotes":""},"categories":[46,3],"tags":[1692,418,1693,1691,1690,831,110],"class_list":["post-12891","post","type-post","status-publish","format-standard","has-post-thumbnail","hentry","category-rok-2012","category-tramwaj","tag-2012-03-23","tag-auto","tag-fds-cagliari","tag-sardynia","tag-sassari","tag-sirio","tag-wlochy"],"_links":{"self":[{"href":"https:\/\/wgphoto.pl\/t\/index.php?rest_route=\/wp\/v2\/posts\/12891","targetHints":{"allow":["GET"]}}],"collection":[{"href":"https:\/\/wgphoto.pl\/t\/index.php?rest_route=\/wp\/v2\/posts"}],"about":[{"href":"https:\/\/wgphoto.pl\/t\/index.php?rest_route=\/wp\/v2\/types\/post"}],"author":[{"embeddable":true,"href":"https:\/\/wgphoto.pl\/t\/index.php?rest_route=\/wp\/v2\/users\/1"}],"replies":[{"embeddable":true,"href":"https:\/\/wgphoto.pl\/t\/index.php?rest_route=%2Fwp%2Fv2%2Fcomments&post=12891"}],"version-history":[{"count":1,"href":"https:\/\/wgphoto.pl\/t\/index.php?rest_route=\/wp\/v2\/posts\/12891\/revisions"}],"predecessor-version":[{"id":12893,"href":"https:\/\/wgphoto.pl\/t\/index.php?rest_route=\/wp\/v2\/posts\/12891\/revisions\/12893"}],"wp:featuredmedia":[{"embeddable":true,"href":"https:\/\/wgphoto.pl\/t\/index.php?rest_route=\/wp\/v2\/media\/12892"}],"wp:attachment":[{"href":"https:\/\/wgphoto.pl\/t\/index.php?rest_route=%2Fwp%2Fv2%2Fmedia&parent=12891"}],"wp:term":[{"taxonomy":"category","embeddable":true,"href":"https:\/\/wgphoto.pl\/t\/index.php?rest_route=%2Fwp%2Fv2%2Fcategories&post=12891"},{"taxonomy":"post_tag","embeddable":true,"href":"https:\/\/wgphoto.pl\/t\/index.php?rest_route=%2Fwp%2Fv2%2Ftags&post=12891"}],"curies":[{"name":"wp","href":"https:\/\/api.w.org\/{rel}","templated":true}]}}