{"id":129,"date":"2024-09-28T15:26:35","date_gmt":"2024-09-28T13:26:35","guid":{"rendered":"https:\/\/wgphoto.pl\/t\/?p=129"},"modified":"2025-01-24T18:34:43","modified_gmt":"2025-01-24T17:34:43","slug":"ksztalt-w-samej-stolicy","status":"publish","type":"post","link":"https:\/\/wgphoto.pl\/t\/?p=129","title":{"rendered":"Kszta\u0142t w samej stolicy"},"content":{"rendered":"\n<figure class=\"wp-block-image aligncenter size-full\"><img loading=\"lazy\" decoding=\"async\" width=\"1400\" height=\"927\" src=\"https:\/\/wgphoto.pl\/t\/wp-content\/uploads\/2024\/09\/IMGP3557.jpg\" alt=\"\" class=\"wp-image-10538\" srcset=\"https:\/\/wgphoto.pl\/t\/wp-content\/uploads\/2024\/09\/IMGP3557.jpg 1400w, https:\/\/wgphoto.pl\/t\/wp-content\/uploads\/2024\/09\/IMGP3557-300x199.jpg 300w, https:\/\/wgphoto.pl\/t\/wp-content\/uploads\/2024\/09\/IMGP3557-768x509.jpg 768w\" sizes=\"auto, (max-width: 1400px) 100vw, 1400px\" \/><\/figure>\n\n\n\n<div class=\"wp-block-group has-global-padding is-content-justification-center is-layout-constrained wp-block-group-is-layout-constrained\">\n<p class=\"has-text-align-left\">362.053-1 z poci\u0105giem pospiesznym 638 &#8222;Matthias Braun&#8221; z Czeskich Budziejowic do Pragi mija posterunek odga\u0142\u0119\u017any Z\u00e1b\u011bhlice. My\u015bla\u0142em, \u017ce jedyn\u0105 zelektryfikowan\u0105 stacj\u0105 z semaforami kszta\u0142towymi w Czechach jest \u010cermn\u00e1 nad Orlic\u00ed, a tymczasem takie smaczki mo\u017cna znale\u017a\u0107 nawet w samej Pradze. Ze wzgl\u0119du na spory ruch podmiejski semafory machaj\u0105 ramionami co kilkana\u015bcie minut. 31.03.2014<\/p>\n<\/div>\n","protected":false},"excerpt":{"rendered":"<p>362.053-1 z poci\u0105giem pospiesznym 638 &#8222;Matthias Braun&#8221; z Czeskich Budziejowic do Pragi mija posterunek odga\u0142\u0119\u017any Z\u00e1b\u011bhlice. My\u015bla\u0142em, \u017ce jedyn\u0105 zelektryfikowan\u0105 stacj\u0105 z semaforami kszta\u0142towymi w Czechach jest \u010cermn\u00e1 nad Orlic\u00ed, a tymczasem takie smaczki mo\u017cna znale\u017a\u0107 nawet w samej Pradze. Ze wzgl\u0119du na spory ruch podmiejski semafory machaj\u0105 ramionami co kilkana\u015bcie minut. 31.03.2014<\/p>\n","protected":false},"author":1,"featured_media":10538,"comment_status":"open","ping_status":"","sticky":false,"template":"","format":"standard","meta":{"footnotes":""},"categories":[2,48],"tags":[54,51,50,49,52,53,2937,2936],"class_list":["post-129","post","type-post","status-publish","format-standard","has-post-thumbnail","hentry","category-kolej","category-rok-2014","tag-2014-03-31","tag-51","tag-cd","tag-czechy","tag-praga","tag-sygnalizacja-ksztaltowa","tag-tab-cz221","tag-zabehlice"],"_links":{"self":[{"href":"https:\/\/wgphoto.pl\/t\/index.php?rest_route=\/wp\/v2\/posts\/129","targetHints":{"allow":["GET"]}}],"collection":[{"href":"https:\/\/wgphoto.pl\/t\/index.php?rest_route=\/wp\/v2\/posts"}],"about":[{"href":"https:\/\/wgphoto.pl\/t\/index.php?rest_route=\/wp\/v2\/types\/post"}],"author":[{"embeddable":true,"href":"https:\/\/wgphoto.pl\/t\/index.php?rest_route=\/wp\/v2\/users\/1"}],"replies":[{"embeddable":true,"href":"https:\/\/wgphoto.pl\/t\/index.php?rest_route=%2Fwp%2Fv2%2Fcomments&post=129"}],"version-history":[{"count":4,"href":"https:\/\/wgphoto.pl\/t\/index.php?rest_route=\/wp\/v2\/posts\/129\/revisions"}],"predecessor-version":[{"id":10540,"href":"https:\/\/wgphoto.pl\/t\/index.php?rest_route=\/wp\/v2\/posts\/129\/revisions\/10540"}],"wp:featuredmedia":[{"embeddable":true,"href":"https:\/\/wgphoto.pl\/t\/index.php?rest_route=\/wp\/v2\/media\/10538"}],"wp:attachment":[{"href":"https:\/\/wgphoto.pl\/t\/index.php?rest_route=%2Fwp%2Fv2%2Fmedia&parent=129"}],"wp:term":[{"taxonomy":"category","embeddable":true,"href":"https:\/\/wgphoto.pl\/t\/index.php?rest_route=%2Fwp%2Fv2%2Fcategories&post=129"},{"taxonomy":"post_tag","embeddable":true,"href":"https:\/\/wgphoto.pl\/t\/index.php?rest_route=%2Fwp%2Fv2%2Ftags&post=129"}],"curies":[{"name":"wp","href":"https:\/\/api.w.org\/{rel}","templated":true}]}}