{"id":12912,"date":"2025-02-24T17:47:51","date_gmt":"2025-02-24T16:47:51","guid":{"rendered":"https:\/\/wgphoto.pl\/t\/?p=12912"},"modified":"2025-02-24T17:47:51","modified_gmt":"2025-02-24T16:47:51","slug":"metro-lisowa-i","status":"publish","type":"post","link":"https:\/\/wgphoto.pl\/t\/?p=12912","title":{"rendered":"Metro Lisowa I"},"content":{"rendered":"\n<figure class=\"wp-block-image aligncenter size-full\"><img loading=\"lazy\" decoding=\"async\" width=\"1024\" height=\"686\" src=\"https:\/\/wgphoto.pl\/t\/wp-content\/uploads\/2025\/02\/imgp2644.jpg\" alt=\"\" class=\"wp-image-12913\" srcset=\"https:\/\/wgphoto.pl\/t\/wp-content\/uploads\/2025\/02\/imgp2644.jpg 1024w, https:\/\/wgphoto.pl\/t\/wp-content\/uploads\/2025\/02\/imgp2644-300x201.jpg 300w, https:\/\/wgphoto.pl\/t\/wp-content\/uploads\/2025\/02\/imgp2644-768x515.jpg 768w\" sizes=\"auto, (max-width: 1024px) 100vw, 1024px\" \/><\/figure>\n\n\n\n<div class=\"wp-block-group has-global-padding is-layout-constrained wp-block-group-is-layout-constrained\">\n<p>Kij\u00f3w, p\u0119tla metro Lisowa. Tatry oczekuj\u0105 na pasa\u017cer\u00f3w na przecudnej urody w\u0119\u017ale przesiadkowym, zlokalizowanym przy lewobrze\u017cnym kra\u0144cu czerwonej linii metra. 2010-04-23<\/p>\n<\/div>\n","protected":false},"excerpt":{"rendered":"<p>Kij\u00f3w, p\u0119tla metro Lisowa. Tatry oczekuj\u0105 na pasa\u017cer\u00f3w na przecudnej urody w\u0119\u017ale przesiadkowym, zlokalizowanym przy lewobrze\u017cnym kra\u0144cu czerwonej linii metra. 2010-04-23<\/p>\n","protected":false},"author":1,"featured_media":12913,"comment_status":"open","ping_status":"","sticky":false,"template":"","format":"standard","meta":{"footnotes":""},"categories":[86,3],"tags":[455,452,1011,453,90],"class_list":["post-12912","post","type-post","status-publish","format-standard","has-post-thumbnail","hentry","category-rok-2010","category-tramwaj","tag-2010-04-23","tag-kijow","tag-tatra-t3","tag-ukraina","tag-wieczorem"],"_links":{"self":[{"href":"https:\/\/wgphoto.pl\/t\/index.php?rest_route=\/wp\/v2\/posts\/12912","targetHints":{"allow":["GET"]}}],"collection":[{"href":"https:\/\/wgphoto.pl\/t\/index.php?rest_route=\/wp\/v2\/posts"}],"about":[{"href":"https:\/\/wgphoto.pl\/t\/index.php?rest_route=\/wp\/v2\/types\/post"}],"author":[{"embeddable":true,"href":"https:\/\/wgphoto.pl\/t\/index.php?rest_route=\/wp\/v2\/users\/1"}],"replies":[{"embeddable":true,"href":"https:\/\/wgphoto.pl\/t\/index.php?rest_route=%2Fwp%2Fv2%2Fcomments&post=12912"}],"version-history":[{"count":1,"href":"https:\/\/wgphoto.pl\/t\/index.php?rest_route=\/wp\/v2\/posts\/12912\/revisions"}],"predecessor-version":[{"id":12914,"href":"https:\/\/wgphoto.pl\/t\/index.php?rest_route=\/wp\/v2\/posts\/12912\/revisions\/12914"}],"wp:featuredmedia":[{"embeddable":true,"href":"https:\/\/wgphoto.pl\/t\/index.php?rest_route=\/wp\/v2\/media\/12913"}],"wp:attachment":[{"href":"https:\/\/wgphoto.pl\/t\/index.php?rest_route=%2Fwp%2Fv2%2Fmedia&parent=12912"}],"wp:term":[{"taxonomy":"category","embeddable":true,"href":"https:\/\/wgphoto.pl\/t\/index.php?rest_route=%2Fwp%2Fv2%2Fcategories&post=12912"},{"taxonomy":"post_tag","embeddable":true,"href":"https:\/\/wgphoto.pl\/t\/index.php?rest_route=%2Fwp%2Fv2%2Ftags&post=12912"}],"curies":[{"name":"wp","href":"https:\/\/api.w.org\/{rel}","templated":true}]}}